{"id":606664,"date":"2025-12-18T03:48:20","date_gmt":"2025-12-18T03:48:20","guid":{"rendered":"https:\/\/www.europesays.com\/fr\/606664\/"},"modified":"2025-12-18T03:48:20","modified_gmt":"2025-12-18T03:48:20","slug":"la-circulation-est-completement-saturee-dans-le-secteur-de-la-valentine-a-marseille-en-ce-mercredi","status":"publish","type":"post","link":"https:\/\/www.europesays.com\/fr\/606664\/","title":{"rendered":"La circulation est compl\u00e8tement satur\u00e9e dans le secteur de la Valentine \u00e0 Marseille en ce mercredi"},"content":{"rendered":"<p>Si vous avec d\u00e9j\u00e0 fait vos cadeaux de No\u00ebl et vous n&rsquo;avez aucun besoin de faire des courses, alors il est utile de vous dire qu&rsquo;il vaut mieux \u00e9viter <a href=\"https:\/\/www.laprovence.com\/article\/region\/52188350257396\/jul-il-represente-tout-marseille-a-la-valentine-plus-dune-centaine-de-personnes-a-louverture-du-nouveau-pop-up-store\" target=\"_blank\" rel=\"noopener\">la zone commerciale de la Valentine<\/a> en ce mercredi 17 d\u00e9cembre, \u00e0 tout juste une semaine du R\u00e9veillon de No\u00ebl.<\/p>\n<p>En effet, tous les axes autour de ce secteur sont satur\u00e9s : l&rsquo;avenue des Peintres roux comme celle de Saint-Menet sont \u00e0 \u00e9viter. Mais aussi la route de la sabli\u00e8re, celle de la valentine, la route des Troics Lucs \u00e0 la Valentine. Ou encore la traverse de La Montre et la mont\u00e9e de Saint-Menet.<\/p>\n<p>L&rsquo;autoroute A50, dans le sens Aubagne-Marseille est aussi bien encombr\u00e9e dans une zone comprenant la sortie de la valentine, entre Aubagne et la Pomme.<\/p>\n","protected":false},"excerpt":{"rendered":"Si vous avec d\u00e9j\u00e0 fait vos cadeaux de No\u00ebl et vous n&rsquo;avez aucun besoin de faire des courses,&hellip;\n","protected":false},"author":2,"featured_media":606665,"comment_status":"","ping_status":"","sticky":false,"template":"","format":"standard","meta":{"footnotes":""},"categories":[2814],"tags":[17,1111,11,3542,14169,1446,932,1777,674,1011,27,884,12,882,16,25,25546,12779,39748],"class_list":{"0":"post-606664","1":"post","2":"type-post","3":"status-publish","4":"format-standard","5":"has-post-thumbnail","7":"category-marseille","8":"tag-17","9":"tag-actu","10":"tag-actualites","11":"tag-circulation","12":"tag-completement","13":"tag-dans","14":"tag-est","15":"tag-eu","16":"tag-europe","17":"tag-fr","18":"tag-france","19":"tag-marseille","20":"tag-news","21":"tag-provence-alpes-cote-dazur","22":"tag-region","23":"tag-republique-francaise","24":"tag-saturee","25":"tag-secteur","26":"tag-valentine"},"share_on_mastodon":{"url":"https:\/\/pubeurope.com\/@fr\/115738529323936003","error":""},"_links":{"self":[{"href":"https:\/\/www.europesays.com\/fr\/wp-json\/wp\/v2\/posts\/606664","targetHints":{"allow":["GET"]}}],"collection":[{"href":"https:\/\/www.europesays.com\/fr\/wp-json\/wp\/v2\/posts"}],"about":[{"href":"https:\/\/www.europesays.com\/fr\/wp-json\/wp\/v2\/types\/post"}],"author":[{"embeddable":true,"href":"https:\/\/www.europesays.com\/fr\/wp-json\/wp\/v2\/users\/2"}],"replies":[{"embeddable":true,"href":"https:\/\/www.europesays.com\/fr\/wp-json\/wp\/v2\/comments?post=606664"}],"version-history":[{"count":0,"href":"https:\/\/www.europesays.com\/fr\/wp-json\/wp\/v2\/posts\/606664\/revisions"}],"wp:featuredmedia":[{"embeddable":true,"href":"https:\/\/www.europesays.com\/fr\/wp-json\/wp\/v2\/media\/606665"}],"wp:attachment":[{"href":"https:\/\/www.europesays.com\/fr\/wp-json\/wp\/v2\/media?parent=606664"}],"wp:term":[{"taxonomy":"category","embeddable":true,"href":"https:\/\/www.europesays.com\/fr\/wp-json\/wp\/v2\/categories?post=606664"},{"taxonomy":"post_tag","embeddable":true,"href":"https:\/\/www.europesays.com\/fr\/wp-json\/wp\/v2\/tags?post=606664"}],"curies":[{"name":"wp","href":"https:\/\/api.w.org\/{rel}","templated":true}]}}