{"id":606681,"date":"2025-12-18T04:09:15","date_gmt":"2025-12-18T04:09:15","guid":{"rendered":"https:\/\/www.europesays.com\/fr\/606681\/"},"modified":"2025-12-18T04:09:15","modified_gmt":"2025-12-18T04:09:15","slug":"pina-picierno-une-eurodeputee-sous-la-menace-de-la-russie","status":"publish","type":"post","link":"https:\/\/www.europesays.com\/fr\/606681\/","title":{"rendered":"Pina Picierno, une eurod\u00e9put\u00e9e sous la menace de la Russie"},"content":{"rendered":"<p>                     <img loading=\"lazy\" decoding=\"async\" src=\"https:\/\/www.europesays.com\/fr\/wp-content\/uploads\/2025\/12\/8c66df5_ftp-1-5eqnjaxounf5-410156-3451107.jpg\" alt=\"Pina Picierno dans son bureau du Parlement europ\u00e9en, \u00e0 Bruxelles, le 12\u00a0d\u00e9cembre 2025.\"   width=\"664\" height=\"443\"\/>    Pina Picierno dans son bureau du Parlement europ\u00e9en, \u00e0 Bruxelles, le 12\u00a0d\u00e9cembre 2025.  JAN A. STAIGER POUR M LE MAGAZINE DU MONDE                 <\/p>\n<p class=\"article__paragraph  \">Pina Picierno est italienne, mais l\u2019Ukraine est partout dans son bureau de vice-pr\u00e9sidente du Parlement europ\u00e9en, \u00e0 Bruxelles. Il y a les prix, pos\u00e9s sur le rebord de la fen\u00eatre, qui r\u00e9compensent son combat en faveur \u00ab\u00a0de la libert\u00e9 et de la d\u00e9mocratie en Ukraine\u00a0\u00bb, comme celui que lui a remis en\u00a02022 l\u2019Institut des affaires internationales, un think tank italien. Il y a des livres et des romans, consacr\u00e9s \u00e0 la Russie et \u00e0 sa malheureuse voisine, envahie par les troupes du Kremlin en f\u00e9vrier\u00a02022, et qui lutte depuis pour ne pas \u00eatre d\u00e9pec\u00e9e et asservie. Il y a ce dr\u00f4le de tableau, aussi, un cadeau de v\u00e9t\u00e9rans de l\u2019arm\u00e9e ukrainienne repr\u00e9sentant le trident jaune et bleu de leur pays, dans lequel ont \u00e9t\u00e9 enfonc\u00e9es de vraies balles\u2026<\/p>\n<p class=\"article__paragraph  \">Mais ce que le visiteur ne voit pas au premier coup d\u2019\u0153il, c\u2019est le petit bouton rouge situ\u00e9 sous la table de r\u00e9union. Un \u00ab\u00a0panic button\u00a0\u00bb, pour alerter les \u00e9quipes de s\u00e9curit\u00e9 du Parlement en cas de danger ou d\u2019intrusion. La cam\u00e9ra de surveillance install\u00e9e \u00e0 l\u2019entr\u00e9e pour filmer les all\u00e9es et venues est tout aussi discr\u00e8te. D\u00e8s qu\u2019elle sort du b\u00e2timent, l\u2019eurod\u00e9put\u00e9e ne vit plus que sous escorte polici\u00e8re. \u00ab\u00a0Je ne peux pas me r\u00e9veiller et aller faire une promenade comme \u00e7a, ou d\u00e9cider soudainement d\u2019aller voir un film, raconte-t-elle, ce 12\u00a0d\u00e9cembre. Mais il y a des personnes qui risquent bien plus que moi. Des Ukrainiens, dans leurs tranch\u00e9es, qui sont sous les bombes pour d\u00e9fendre leur libert\u00e9.\u00a0\u00bb<\/p>\n<p class=\"reading-mode-only \"><strong>Il vous reste 80.18% de cet article \u00e0 lire. La suite est r\u00e9serv\u00e9e aux abonn\u00e9s.<\/strong><\/p>\n","protected":false},"excerpt":{"rendered":"Pina Picierno dans son bureau du Parlement europ\u00e9en, \u00e0 Bruxelles, le 12\u00a0d\u00e9cembre 2025. JAN A. STAIGER POUR M&hellip;\n","protected":false},"author":2,"featured_media":606682,"comment_status":"","ping_status":"","sticky":false,"template":"","format":"standard","meta":{"footnotes":""},"categories":[1591],"tags":[11,1887,12,1885,1886,132],"class_list":{"0":"post-606681","1":"post","2":"type-post","3":"status-publish","4":"format-standard","5":"has-post-thumbnail","7":"category-russie","8":"tag-actualites","9":"tag-federation-de-russie","10":"tag-news","11":"tag-russia","12":"tag-russian-federation","13":"tag-russie"},"share_on_mastodon":{"url":"https:\/\/pubeurope.com\/@fr\/115738612840704207","error":""},"_links":{"self":[{"href":"https:\/\/www.europesays.com\/fr\/wp-json\/wp\/v2\/posts\/606681","targetHints":{"allow":["GET"]}}],"collection":[{"href":"https:\/\/www.europesays.com\/fr\/wp-json\/wp\/v2\/posts"}],"about":[{"href":"https:\/\/www.europesays.com\/fr\/wp-json\/wp\/v2\/types\/post"}],"author":[{"embeddable":true,"href":"https:\/\/www.europesays.com\/fr\/wp-json\/wp\/v2\/users\/2"}],"replies":[{"embeddable":true,"href":"https:\/\/www.europesays.com\/fr\/wp-json\/wp\/v2\/comments?post=606681"}],"version-history":[{"count":0,"href":"https:\/\/www.europesays.com\/fr\/wp-json\/wp\/v2\/posts\/606681\/revisions"}],"wp:featuredmedia":[{"embeddable":true,"href":"https:\/\/www.europesays.com\/fr\/wp-json\/wp\/v2\/media\/606682"}],"wp:attachment":[{"href":"https:\/\/www.europesays.com\/fr\/wp-json\/wp\/v2\/media?parent=606681"}],"wp:term":[{"taxonomy":"category","embeddable":true,"href":"https:\/\/www.europesays.com\/fr\/wp-json\/wp\/v2\/categories?post=606681"},{"taxonomy":"post_tag","embeddable":true,"href":"https:\/\/www.europesays.com\/fr\/wp-json\/wp\/v2\/tags?post=606681"}],"curies":[{"name":"wp","href":"https:\/\/api.w.org\/{rel}","templated":true}]}}