{"id":606687,"date":"2025-12-18T04:12:30","date_gmt":"2025-12-18T04:12:30","guid":{"rendered":"https:\/\/www.europesays.com\/fr\/606687\/"},"modified":"2025-12-18T04:12:30","modified_gmt":"2025-12-18T04:12:30","slug":"le-ministere-de-la-defense-darmenie-et-lambassade-du-royaume-uni-a-yerevan-ont-organise-une-conference","status":"publish","type":"post","link":"https:\/\/www.europesays.com\/fr\/606687\/","title":{"rendered":"Le minist\u00e8re de la D\u00e9fense d&rsquo;Arm\u00e9nie et l&rsquo;ambassade du Royaume-Uni \u00e0 Yerevan ont organis\u00e9 une conf\u00e9rence"},"content":{"rendered":"<p>Le 9 d\u00e9cembre, le minist\u00e8re de la D\u00e9fense d\u2019Arm\u00e9nie et l\u2019ambassade du Royaume-Uni de Grande-Bretagne et d\u2019Irlande du Nord \u00e0 Yerevan ont organis\u00e9 conjointement une conf\u00e9rence intitul\u00e9e \u00ab\u00a0Risque, r\u00e9forme et r\u00e9silience\u00a0\u00bb.<\/p>\n<p><img loading=\"lazy\" decoding=\"async\" src=\"data:image\/svg+xml,%3Csvg%20xmlns=\" http:=\"\" alt=\"\" width=\"2048\" height=\"1366\" data-lazy-src=\"https:\/\/www.europesays.com\/fr\/wp-content\/uploads\/2025\/12\/8900A-2.jpg\"\/><\/p>\n<p>Selon le minist\u00e8re arm\u00e9nien de la D\u00e9fense, des repr\u00e9sentants des minist\u00e8res arm\u00e9niens, des ambassades des \u00c9tats membres de l\u2019OTAN en Arm\u00e9nie, d\u2019organisations internationales et d\u2019autres acteurs ont particip\u00e9 \u00e0 cette conf\u00e9rence.<\/p>\n<p><img loading=\"lazy\" decoding=\"async\" src=\"data:image\/svg+xml,%3Csvg%20xmlns=\" http:=\"\" alt=\"\" width=\"479\" height=\"319\" data-lazy-src=\"https:\/\/www.europesays.com\/fr\/wp-content\/uploads\/2025\/12\/8900D-1.jpg\"\/><\/p>\n<p>Les allocutions d\u2019ouverture de la conf\u00e9rence ont \u00e9t\u00e9 prononc\u00e9es par le vice-ministre de la D\u00e9fense de d\u2019Arm\u00e9nie, Hrachya Sargsyan, et l\u2019ambassadrice du Royaume-Uni en Arm\u00e9nie, Alexandra Cole.<\/p>\n<p><img loading=\"lazy\" decoding=\"async\" src=\"data:image\/svg+xml,%3Csvg%20xmlns=\" http:=\"\" alt=\"\" width=\"462\" height=\"308\" data-lazy-src=\"https:\/\/www.europesays.com\/fr\/wp-content\/uploads\/2025\/12\/8900B-2.jpg\"\/><\/p>\n<p>Cet \u00e9v\u00e9nement s\u2019est d\u00e9roul\u00e9 dans le cadre d\u2019un programme de coop\u00e9ration triennal entre le minist\u00e8re de la D\u00e9fense d\u2019Arm\u00e9nie et le Royaume-Uni, portant sur le renforcement des capacit\u00e9s d\u2019audit et la r\u00e9forme de la gestion des risques.<\/p>\n<p>\u00a0<\/p>\n<p>Krikor Amirzayan<\/p>\n<p>\u00a0<\/p>\n<p><img loading=\"lazy\" decoding=\"async\" src=\"data:image\/svg+xml,%3Csvg%20xmlns=\" http:=\"\" alt=\"\" width=\"1540\" height=\"1026\" data-lazy-src=\"https:\/\/www.europesays.com\/fr\/wp-content\/uploads\/2025\/12\/8900F.jpg\"\/><\/p>\n<p><img loading=\"lazy\" decoding=\"async\" src=\"data:image\/svg+xml,%3Csvg%20xmlns=\" http:=\"\" alt=\"\" width=\"473\" height=\"315\" data-lazy-src=\"https:\/\/www.europesays.com\/fr\/wp-content\/uploads\/2025\/12\/8900C-2.jpg\"\/><\/p>\n<p><img loading=\"lazy\" decoding=\"async\" src=\"data:image\/svg+xml,%3Csvg%20xmlns=\" http:=\"\" alt=\"\" width=\"479\" height=\"319\" data-lazy-src=\"https:\/\/www.europesays.com\/fr\/wp-content\/uploads\/2025\/12\/8900E.jpg\"\/><\/p>\n","protected":false},"excerpt":{"rendered":"Le 9 d\u00e9cembre, le minist\u00e8re de la D\u00e9fense d\u2019Arm\u00e9nie et l\u2019ambassade du Royaume-Uni de Grande-Bretagne et d\u2019Irlande du&hellip;\n","protected":false},"author":2,"featured_media":606688,"comment_status":"","ping_status":"","sticky":false,"template":"","format":"standard","meta":{"footnotes":""},"categories":[1588],"tags":[11,5950,554,312,1777,674,5072,12,136,473,1853,1851,1850,1852],"class_list":{"0":"post-606687","1":"post","2":"type-post","3":"status-publish","4":"format-standard","5":"has-post-thumbnail","7":"category-royaume-uni","8":"tag-actualites","9":"tag-armenie","10":"tag-defense","11":"tag-diplomatie","12":"tag-eu","13":"tag-europe","14":"tag-grande-bretagne","15":"tag-news","16":"tag-otan","17":"tag-royaume-uni","18":"tag-royaume-uni-de-grande-bretagne-et-dirlande-du-nord","19":"tag-uk","20":"tag-united-kingdom","21":"tag-united-kingdom-of-great-britain-and-northern-ireland"},"share_on_mastodon":{"url":"https:\/\/pubeurope.com\/@fr\/115738623638834245","error":""},"_links":{"self":[{"href":"https:\/\/www.europesays.com\/fr\/wp-json\/wp\/v2\/posts\/606687","targetHints":{"allow":["GET"]}}],"collection":[{"href":"https:\/\/www.europesays.com\/fr\/wp-json\/wp\/v2\/posts"}],"about":[{"href":"https:\/\/www.europesays.com\/fr\/wp-json\/wp\/v2\/types\/post"}],"author":[{"embeddable":true,"href":"https:\/\/www.europesays.com\/fr\/wp-json\/wp\/v2\/users\/2"}],"replies":[{"embeddable":true,"href":"https:\/\/www.europesays.com\/fr\/wp-json\/wp\/v2\/comments?post=606687"}],"version-history":[{"count":0,"href":"https:\/\/www.europesays.com\/fr\/wp-json\/wp\/v2\/posts\/606687\/revisions"}],"wp:featuredmedia":[{"embeddable":true,"href":"https:\/\/www.europesays.com\/fr\/wp-json\/wp\/v2\/media\/606688"}],"wp:attachment":[{"href":"https:\/\/www.europesays.com\/fr\/wp-json\/wp\/v2\/media?parent=606687"}],"wp:term":[{"taxonomy":"category","embeddable":true,"href":"https:\/\/www.europesays.com\/fr\/wp-json\/wp\/v2\/categories?post=606687"},{"taxonomy":"post_tag","embeddable":true,"href":"https:\/\/www.europesays.com\/fr\/wp-json\/wp\/v2\/tags?post=606687"}],"curies":[{"name":"wp","href":"https:\/\/api.w.org\/{rel}","templated":true}]}}