{"id":606690,"date":"2025-12-18T04:14:18","date_gmt":"2025-12-18T04:14:18","guid":{"rendered":"https:\/\/www.europesays.com\/fr\/606690\/"},"modified":"2025-12-18T04:14:18","modified_gmt":"2025-12-18T04:14:18","slug":"le-groupe-oppose-le-nouveau-modele-japonais-face-au-regime-europeen","status":"publish","type":"post","link":"https:\/\/www.europesays.com\/fr\/606690\/","title":{"rendered":"le groupe oppose le nouveau mod\u00e8le japonais face au r\u00e9gime europ\u00e9en"},"content":{"rendered":"<p>Apple aura rarement \u00e9t\u00e9 aussi acide. <a href=\"https:\/\/www.latribune.fr\/article\/tech\/14535378069180\/apple-le-pari-reussi-de-liphone-17-pousse-la-valorisation-au-dela-de-4-000-milliards-de-dollars\" target=\"_blank\" rel=\"noopener\">La marque \u00e0 la pomme<\/a> a d\u00e9voil\u00e9 dans la nuit du 17 au 18 d\u00e9cembre une s\u00e9rie de mesures pour se conformer aux<a href=\"https:\/\/www.latribune.fr\/technos-medias\/internet\/donald-trump-declare-la-guerre-a-la-regulation-europeenne-sur-le-numerique-1031774.html\" target=\"_blank\" rel=\"noopener\"> r\u00e9glementations anticoncurrentielles<\/a> japonaises. Mais cette annonce s&rsquo;est rapidement transform\u00e9e en comparaison appuy\u00e9e entre le pays du soleil levant et l&rsquo;Union europ\u00e9enne. Bruxelles bataille depuis plusieurs ann\u00e9es avec le g\u00e9ant de la tech, brandissant le Digital Markets Act (DMA), un arsenal l\u00e9gislatif visant \u00e0 contrebalancer la domination des mastodontes du num\u00e9rique par des r\u00e8gles particuli\u00e8rement strictes.<\/p>\n<p>Lors d&rsquo;un point presse, <a href=\"https:\/\/www.latribune.fr\/article\/tech\/informatique\/3497144367915\/apple-premier-constructeur-somme-de-respecter-le-controle-parental\" target=\"_blank\" rel=\"noopener\">Apple<\/a> n&rsquo;a pas h\u00e9sit\u00e9 \u00e0 comparer l&rsquo;administration europ\u00e9enne \u00e0 une bureaucratie bridant l&rsquo;innovation de la c\u00e9l\u00e8bre marque et mena\u00e7ant la vie priv\u00e9e de ses utilisateurs. Si le texte japonais, le Mobile Software Competition Act (MSCA), et la r\u00e9glementation europ\u00e9enne convergent sur de nombreux points, c&rsquo;est bien sur quelques d\u00e9tails d\u00e9cisifs pour le contr\u00f4le des applications qu&rsquo;Apple concentre son argumentaire.<\/p>\n","protected":false},"excerpt":{"rendered":"Apple aura rarement \u00e9t\u00e9 aussi acide. La marque \u00e0 la pomme a d\u00e9voil\u00e9 dans la nuit du 17&hellip;\n","protected":false},"author":2,"featured_media":606691,"comment_status":"","ping_status":"","sticky":false,"template":"","format":"standard","meta":{"footnotes":""},"categories":[1586],"tags":[17,71809,11,733,1777,674,1011,27,2070,71810,71808,1808,12,4565,25,23424,16428,57271],"class_list":{"0":"post-606690","1":"post","2":"type-post","3":"status-publish","4":"format-standard","5":"has-post-thumbnail","7":"category-europe","8":"tag-17","9":"tag-accommodant","10":"tag-actualites","11":"tag-apple","12":"tag-eu","13":"tag-europe","14":"tag-fr","15":"tag-france","16":"tag-japon","17":"tag-lapp","18":"tag-lopposant","19":"tag-leurope","20":"tag-news","21":"tag-nouveau","22":"tag-republique-francaise","23":"tag-store","24":"tag-tacle","25":"tag-tech-ia"},"share_on_mastodon":{"url":"https:\/\/pubeurope.com\/@fr\/115738631620624981","error":""},"_links":{"self":[{"href":"https:\/\/www.europesays.com\/fr\/wp-json\/wp\/v2\/posts\/606690","targetHints":{"allow":["GET"]}}],"collection":[{"href":"https:\/\/www.europesays.com\/fr\/wp-json\/wp\/v2\/posts"}],"about":[{"href":"https:\/\/www.europesays.com\/fr\/wp-json\/wp\/v2\/types\/post"}],"author":[{"embeddable":true,"href":"https:\/\/www.europesays.com\/fr\/wp-json\/wp\/v2\/users\/2"}],"replies":[{"embeddable":true,"href":"https:\/\/www.europesays.com\/fr\/wp-json\/wp\/v2\/comments?post=606690"}],"version-history":[{"count":0,"href":"https:\/\/www.europesays.com\/fr\/wp-json\/wp\/v2\/posts\/606690\/revisions"}],"wp:featuredmedia":[{"embeddable":true,"href":"https:\/\/www.europesays.com\/fr\/wp-json\/wp\/v2\/media\/606691"}],"wp:attachment":[{"href":"https:\/\/www.europesays.com\/fr\/wp-json\/wp\/v2\/media?parent=606690"}],"wp:term":[{"taxonomy":"category","embeddable":true,"href":"https:\/\/www.europesays.com\/fr\/wp-json\/wp\/v2\/categories?post=606690"},{"taxonomy":"post_tag","embeddable":true,"href":"https:\/\/www.europesays.com\/fr\/wp-json\/wp\/v2\/tags?post=606690"}],"curies":[{"name":"wp","href":"https:\/\/api.w.org\/{rel}","templated":true}]}}