{"id":606701,"date":"2025-12-18T04:26:25","date_gmt":"2025-12-18T04:26:25","guid":{"rendered":"https:\/\/www.europesays.com\/fr\/606701\/"},"modified":"2025-12-18T04:26:25","modified_gmt":"2025-12-18T04:26:25","slug":"vous-faites-nimporte-quoi-quand-un-tennisman-francais-achete-de-la-vodka-pour-soigner-la-blessure-ouverte-de-son-coequipier","status":"publish","type":"post","link":"https:\/\/www.europesays.com\/fr\/606701\/","title":{"rendered":"\u00ab\u00a0Vous faites n\u2019importe quoi\u00a0\u00bb\u00a0: quand un tennisman fran\u00e7ais ach\u00e8te de la vodka pour soigner la blessure ouverte de son co\u00e9quipier"},"content":{"rendered":"<p>\n                                                                    l&rsquo;essentiel<br \/>\n                                                                En avril\u00a02019, alors qu\u2019ils participaient \u00e0 un tournoi organis\u00e9 dans la ville d\u2019Abuja au Nig\u00e9ria, deux tennismans fran\u00e7ais ont \u00e9t\u00e9 confront\u00e9s \u00e0 une situation complexe.\n                            <\/p>\n<p>Dr\u00f4les d\u2019aventures que celles de Fabien Reboul et Sadio Doumbia. La paire de tennismans\u00a0toulousains, amie depuis plus de vingt ans et battue en quart de finale de l\u2019US Open en septembre dernier, arpente le circuit professionnel depuis plusieurs saisons maintenant, entre les Futures, les Challenges, ou encore les gros tournois, et dispose d\u2019une\u00a0ribambelle d\u2019anecdotes plus savoureuses les unes que les autres.<\/p>\n<p class=\"std-elt__inline\">\n        <strong>\u00c0 lire aussi :<\/strong><br \/>\n        <a href=\"https:\/\/www.ladepeche.fr\/2024\/07\/07\/video-wimbledon-la-roulade-la-roulade-la-celebration-amusante-de-la-paire-toulousaine-sadio-doumbia-fabien-reboul-12066688.php\" target=\"_blank\" rel=\"noopener\">VIDEO. Wimbledon\u00a0: \u00ab\u00a0La roulade, la roulade\u2026\u00a0\u00bb La c\u00e9l\u00e9bration amusante de la paire toulousaine Sadio Doumbia \/ Fabien Reboul<\/a>\n    <\/p>\n<p>En septembre dernier, Sadio Doumbia, 35 ans, <a href=\"https:\/\/www.ladepeche.fr\/2025\/09\/03\/tennis-il-y-avait-du-sang-partout-le-toulousain-sadio-doumbia-raconte-ses-anecdotes-les-plus-folles-apres-ses-nombreuses-annees-sur-le-circuit-12909085.php\" target=\"_self\" rel=\"noopener\">avait notamment racont\u00e9 \u00e0 L\u2019\u00c9quipe\u00a0avoir mang\u00e9 des poulets r\u00e9cup\u00e9r\u00e9s et d\u00e9plum\u00e9s par une dame de l\u2019organisation du tournoi d\u2019Abuja au Nig\u00e9ria<\/a>. Mais ce n\u2019\u00e9tait pas le seul fait marquant rencontr\u00e9 par les Toulousains en Afrique. \u00ab\u00a0C\u2019est au Nigeria que Fabien s\u2019\u00e9tait ouvert le genou\u00a0\u00bb racontait Doumbia, toujours dans les colonnes du <a href=\"https:\/\/www.lequipe.fr\/Tennis\/Actualites\/Sadio-doumbia-un-ovni-sur-le-circuit-je-prefere-jouer-un-challenger-a-lima-que-roland-garros\/1590023\" target=\"_self\" rel=\"noopener\">quotidien sportif<\/a>.<\/p>\n<p>\u00ab\u00a0C\u2019\u00e9tait un sketch\u00a0\u00bb<\/p>\n<p>\u00ab\u00a0On faisait les clowns en allant faire des courses. Fabien a gliss\u00e9 sur des marches en marbre et est tomb\u00e9 sur le genou\u00a0\u00bb raconte le 28e joueur mondial en doubles. Ce dernier d\u00e9cide alors de\u00a0venir en aide \u00e0 son co\u00e9quipier\u00a0: \u00ab\u00a0Je suis all\u00e9 \u00e0 la sup\u00e9rette acheter de la vodka pour la mettre dans sa plaie avec un shooter. On a pass\u00e9 une heure et demie dessus\u00a0\u00bb lance-t-il.<\/p>\n<p class=\"std-elt__inline\">\n        <strong>\u00c0 lire aussi :<\/strong><br \/>\n        <a href=\"https:\/\/www.ladepeche.fr\/2025\/12\/15\/tennis-condamnee-aux-prudhommes-la-federation-francaise-va-devoir-verser-une-somme-colossale-a-un-ex-joueur-star-13111688.php\" target=\"_blank\" rel=\"noopener\">Tennis\u00a0: condamn\u00e9e aux Prud\u2019hommes, la F\u00e9d\u00e9ration fran\u00e7aise va devoir verser une somme colossale \u00e0 un ex-joueur star<\/a>\n    <\/p>\n<p>Forc\u00e9ment, ce n\u2019est ce type d\u2019alcool dont la blessure de Fabien Reboul avait besoin. \u00ab\u00a0Bon, on a fini par appeler un docteur en France qui nous a dit\u00a0: &lsquo;Vous faites n\u2019importe quoi.&rsquo; On est all\u00e9 \u00e0 l\u2019h\u00f4pital \u00e0 Abuja, c\u2019\u00e9tait un sketch, ils rataient les piq\u00fbres\u00a0\u00bb confie \u00e0 nouveau Doumbia. Mais pas de quoi refroidir les deux hommes. \u00ab\u00a0Le lendemain, il ne pouvait pas marcher mais il a quand m\u00eame jou\u00e9. Et on a gagn\u00e9\u00a0\u00bb relance l\u2019ancien 250e mondial en simple \u00e0 propos des deux titres glan\u00e9s cons\u00e9cutivement en avril\u00a02019.<\/p>\n","protected":false},"excerpt":{"rendered":"l&rsquo;essentiel En avril\u00a02019, alors qu\u2019ils participaient \u00e0 un tournoi organis\u00e9 dans la ville d\u2019Abuja au Nig\u00e9ria, deux tennismans&hellip;\n","protected":false},"author":2,"featured_media":606702,"comment_status":"","ping_status":"","sticky":false,"template":"","format":"standard","meta":{"footnotes":""},"categories":[1415],"tags":[1011,27,517,60,1467],"class_list":{"0":"post-606701","1":"post","2":"type-post","3":"status-publish","4":"format-standard","5":"has-post-thumbnail","7":"category-tennis","8":"tag-fr","9":"tag-france","10":"tag-sport","11":"tag-sports","12":"tag-tennis"},"share_on_mastodon":{"url":"https:\/\/pubeurope.com\/@fr\/115738678620292832","error":""},"_links":{"self":[{"href":"https:\/\/www.europesays.com\/fr\/wp-json\/wp\/v2\/posts\/606701","targetHints":{"allow":["GET"]}}],"collection":[{"href":"https:\/\/www.europesays.com\/fr\/wp-json\/wp\/v2\/posts"}],"about":[{"href":"https:\/\/www.europesays.com\/fr\/wp-json\/wp\/v2\/types\/post"}],"author":[{"embeddable":true,"href":"https:\/\/www.europesays.com\/fr\/wp-json\/wp\/v2\/users\/2"}],"replies":[{"embeddable":true,"href":"https:\/\/www.europesays.com\/fr\/wp-json\/wp\/v2\/comments?post=606701"}],"version-history":[{"count":0,"href":"https:\/\/www.europesays.com\/fr\/wp-json\/wp\/v2\/posts\/606701\/revisions"}],"wp:featuredmedia":[{"embeddable":true,"href":"https:\/\/www.europesays.com\/fr\/wp-json\/wp\/v2\/media\/606702"}],"wp:attachment":[{"href":"https:\/\/www.europesays.com\/fr\/wp-json\/wp\/v2\/media?parent=606701"}],"wp:term":[{"taxonomy":"category","embeddable":true,"href":"https:\/\/www.europesays.com\/fr\/wp-json\/wp\/v2\/categories?post=606701"},{"taxonomy":"post_tag","embeddable":true,"href":"https:\/\/www.europesays.com\/fr\/wp-json\/wp\/v2\/tags?post=606701"}],"curies":[{"name":"wp","href":"https:\/\/api.w.org\/{rel}","templated":true}]}}