{"id":606703,"date":"2025-12-18T04:32:17","date_gmt":"2025-12-18T04:32:17","guid":{"rendered":"https:\/\/www.europesays.com\/fr\/606703\/"},"modified":"2025-12-18T04:32:17","modified_gmt":"2025-12-18T04:32:17","slug":"la-vuelta-2026-%f0%9f%87%aa%f0%9f%87%b8-presentation-du-parcours-et-du-profil-des-etapes-de-la-81e-edition","status":"publish","type":"post","link":"https:\/\/www.europesays.com\/fr\/606703\/","title":{"rendered":"La Vuelta 2026 \ud83c\uddea\ud83c\uddf8 &#8211; Pr\u00e9sentation du parcours et du profil des \u00e9tapes de la 81e \u00e9dition"},"content":{"rendered":"<p>La Vuelta 2026 \ud83c\uddea\ud83c\uddf8 &#8211; Pr\u00e9sentation du parcours et du profil des \u00e9tapes de la 81e \u00e9dition<\/p>\n<p>top of page<\/p>\n<p><img loading=\"lazy\" decoding=\"async\" src=\"https:\/\/www.europesays.com\/fr\/wp-content\/uploads\/2025\/06\/7b1592_d99c3ee1973449a0999888a41cfcdc85~mv2.png\" alt=\"\" style=\"width:100%;height:100%;object-fit:cover;object-position:50% 50%\" width=\"1920\" height=\"1920\"\/><\/p>\n<p>bottom of page<\/p>\n","protected":false},"excerpt":{"rendered":"La Vuelta 2026 \ud83c\uddea\ud83c\uddf8 &#8211; Pr\u00e9sentation du parcours et du profil des \u00e9tapes de la 81e \u00e9dition top&hellip;\n","protected":false},"author":2,"featured_media":606704,"comment_status":"","ping_status":"","sticky":false,"template":"","format":"standard","meta":{"footnotes":""},"categories":[1411],"tags":[1154,207,1011,27,60],"class_list":{"0":"post-606703","1":"post","2":"type-post","3":"status-publish","4":"format-standard","5":"has-post-thumbnail","7":"category-cyclisme","8":"tag-cycling","9":"tag-cyclisme","10":"tag-fr","11":"tag-france","12":"tag-sports"},"share_on_mastodon":{"url":"https:\/\/pubeurope.com\/@fr\/115738702894919076","error":""},"_links":{"self":[{"href":"https:\/\/www.europesays.com\/fr\/wp-json\/wp\/v2\/posts\/606703","targetHints":{"allow":["GET"]}}],"collection":[{"href":"https:\/\/www.europesays.com\/fr\/wp-json\/wp\/v2\/posts"}],"about":[{"href":"https:\/\/www.europesays.com\/fr\/wp-json\/wp\/v2\/types\/post"}],"author":[{"embeddable":true,"href":"https:\/\/www.europesays.com\/fr\/wp-json\/wp\/v2\/users\/2"}],"replies":[{"embeddable":true,"href":"https:\/\/www.europesays.com\/fr\/wp-json\/wp\/v2\/comments?post=606703"}],"version-history":[{"count":0,"href":"https:\/\/www.europesays.com\/fr\/wp-json\/wp\/v2\/posts\/606703\/revisions"}],"wp:featuredmedia":[{"embeddable":true,"href":"https:\/\/www.europesays.com\/fr\/wp-json\/wp\/v2\/media\/606704"}],"wp:attachment":[{"href":"https:\/\/www.europesays.com\/fr\/wp-json\/wp\/v2\/media?parent=606703"}],"wp:term":[{"taxonomy":"category","embeddable":true,"href":"https:\/\/www.europesays.com\/fr\/wp-json\/wp\/v2\/categories?post=606703"},{"taxonomy":"post_tag","embeddable":true,"href":"https:\/\/www.europesays.com\/fr\/wp-json\/wp\/v2\/tags?post=606703"}],"curies":[{"name":"wp","href":"https:\/\/api.w.org\/{rel}","templated":true}]}}