{"id":606708,"date":"2025-12-18T04:35:13","date_gmt":"2025-12-18T04:35:13","guid":{"rendered":"https:\/\/www.europesays.com\/fr\/606708\/"},"modified":"2025-12-18T04:35:13","modified_gmt":"2025-12-18T04:35:13","slug":"le-celebre-architecte-francais-rudy-ricciotti-signera-laffiche-de-la-feria-de-nimes-2026","status":"publish","type":"post","link":"https:\/\/www.europesays.com\/fr\/606708\/","title":{"rendered":"Le c\u00e9l\u00e8bre architecte fran\u00e7ais Rudy Ricciotti signera l\u2019affiche de la feria de N\u00eemes 2026"},"content":{"rendered":"<p>\n                                                                L\u2019architecte Rudy Ricciotti, connu pour avoir con\u00e7u le MUCEM \u00e0 Marseille, signera l\u2019affiche des ferias de N\u00eemes 2026.\n                            <\/p>\n<p>Rudy Ricciotti, architecte de renom qui a con\u00e7u le c\u00e9l\u00e8bre MUCEM \u00e0 Marseille, signera l\u2019affiche officielle des ferias de N\u00eemes 2026. La Ville a d\u00e9voil\u00e9 par communiqu\u00e9 l\u2019identit\u00e9 de celui qui est un fid\u00e8le de cet \u00e9v\u00e9nement tauromachique et festif. Le Marseillais assiste r\u00e9guli\u00e8rement aux corridas dans les ar\u00e8nes de N\u00eemes et a m\u00eame \u00e9t\u00e9 choisi pour la feria des Vendanges 2019 pour le brindis \u00e0 la ville.<\/p>\n<p>L\u2019une des derni\u00e8res d\u00e9cisions du maire<\/p>\n<p>Candidat lors du concours du Mus\u00e9e de la Romanit\u00e9 et laur\u00e9at du projet du Conservatoire de musique, de chant et d\u2019art dramatique au site des Carmes, Rudy Ricciotti a \u00e9t\u00e9 choisi par le maire \u00ab\u00a0b\u00e2tisseur\u00a0\u00bb Jean-Paul Fournier, l\u2019une des derni\u00e8res d\u00e9cisions de son mandat qui s\u2019ach\u00e8vera en mars prochain. \u00ab\u00a0Rudy Ricciotti, c\u2019est plus qu\u2019un nom. C\u2019est un tr\u00e8s grand architecte qui parle de ses passions, dont la tauromachie, avec tellement de ferveur et de th\u00e9\u00e2tralit\u00e9\u00a0\u00bb, indique l\u2019\u00e9lu n\u00eemois. L\u2019affiche sera pr\u00e9sent\u00e9e dans les prochaines semaines.<\/p>\n","protected":false},"excerpt":{"rendered":"L\u2019architecte Rudy Ricciotti, connu pour avoir con\u00e7u le MUCEM \u00e0 Marseille, signera l\u2019affiche des ferias de N\u00eemes 2026.&hellip;\n","protected":false},"author":2,"featured_media":606709,"comment_status":"","ping_status":"","sticky":false,"template":"","format":"standard","meta":{"footnotes":""},"categories":[1358],"tags":[1348,1384,1385,872,1386,58,59,71812,71811,1011,27,2679,2682],"class_list":{"0":"post-606708","1":"post","2":"type-post","3":"status-publish","4":"format-standard","5":"has-post-thumbnail","7":"category-arts-et-design","8":"tag-arts","9":"tag-arts-and-design","10":"tag-arts-et-design","11":"tag-culture-et-loisirs","12":"tag-design","13":"tag-divertissement","14":"tag-entertainment","15":"tag-feria-de-nu00eemes","16":"tag-ferias","17":"tag-fr","18":"tag-france","19":"tag-gard","20":"tag-nimes"},"share_on_mastodon":{"url":"https:\/\/pubeurope.com\/@fr\/115738713987832772","error":""},"_links":{"self":[{"href":"https:\/\/www.europesays.com\/fr\/wp-json\/wp\/v2\/posts\/606708","targetHints":{"allow":["GET"]}}],"collection":[{"href":"https:\/\/www.europesays.com\/fr\/wp-json\/wp\/v2\/posts"}],"about":[{"href":"https:\/\/www.europesays.com\/fr\/wp-json\/wp\/v2\/types\/post"}],"author":[{"embeddable":true,"href":"https:\/\/www.europesays.com\/fr\/wp-json\/wp\/v2\/users\/2"}],"replies":[{"embeddable":true,"href":"https:\/\/www.europesays.com\/fr\/wp-json\/wp\/v2\/comments?post=606708"}],"version-history":[{"count":0,"href":"https:\/\/www.europesays.com\/fr\/wp-json\/wp\/v2\/posts\/606708\/revisions"}],"wp:featuredmedia":[{"embeddable":true,"href":"https:\/\/www.europesays.com\/fr\/wp-json\/wp\/v2\/media\/606709"}],"wp:attachment":[{"href":"https:\/\/www.europesays.com\/fr\/wp-json\/wp\/v2\/media?parent=606708"}],"wp:term":[{"taxonomy":"category","embeddable":true,"href":"https:\/\/www.europesays.com\/fr\/wp-json\/wp\/v2\/categories?post=606708"},{"taxonomy":"post_tag","embeddable":true,"href":"https:\/\/www.europesays.com\/fr\/wp-json\/wp\/v2\/tags?post=606708"}],"curies":[{"name":"wp","href":"https:\/\/api.w.org\/{rel}","templated":true}]}}