{"id":606725,"date":"2025-12-18T04:45:17","date_gmt":"2025-12-18T04:45:17","guid":{"rendered":"https:\/\/www.europesays.com\/fr\/606725\/"},"modified":"2025-12-18T04:45:17","modified_gmt":"2025-12-18T04:45:17","slug":"au-bresil-le-congres-vote-une-reduction-de-la-peine-de-jair-bolsonaro","status":"publish","type":"post","link":"https:\/\/www.europesays.com\/fr\/606725\/","title":{"rendered":"Au Br\u00e9sil, le Congr\u00e8s vote une r\u00e9duction de la peine de Jair Bolsonaro"},"content":{"rendered":"<p>                      <img loading=\"lazy\" decoding=\"async\" src=\"https:\/\/www.europesays.com\/fr\/wp-content\/uploads\/2025\/12\/d751532_ftp-1-vddi3r8uotjg-2025-12-10t062316z-642365730-rc2hdia3idez-rtrmadp-3-brazil-bolsonaro-cong.jpeg\" alt=\"Des membres du Congr\u00e8s br\u00e9silien et des partisans de l\u2019ancien pr\u00e9sident Jair Bolsonaro c\u00e9l\u00e8brent le vote d\u2019un projet de loi proposant de r\u00e9duire les peines prononc\u00e9es pour les condamnations li\u00e9es aux \u00e9meutes du 8\u00a0janvier\u00a02023, \u00e0 la Chambre des d\u00e9put\u00e9s, \u00e0 Brasilia, le 10\u00a0d\u00e9cembre\u00a02025.\"   width=\"664\" height=\"443\"\/>    Des membres du Congr\u00e8s br\u00e9silien et des partisans de l\u2019ancien pr\u00e9sident Jair Bolsonaro c\u00e9l\u00e8brent le vote d\u2019un projet de loi proposant de r\u00e9duire les peines prononc\u00e9es pour les condamnations li\u00e9es aux \u00e9meutes du 8\u00a0janvier\u00a02023, \u00e0 la Chambre des d\u00e9put\u00e9s, \u00e0 Brasilia, le 10\u00a0d\u00e9cembre\u00a02025.  ADRIANO MACHADO\/REUTERS                          <\/p>\n<p class=\"article__paragraph  \">Le Congr\u00e8s br\u00e9silien a approuv\u00e9, mercredi 17\u00a0d\u00e9cembre, une proposition de loi visant \u00e0 r\u00e9duire la peine de prison de l\u2019ex-pr\u00e9sident Jair Bolsonaro, condamn\u00e9 en septembre \u00e0 27 ans de r\u00e9clusion pour tentative de coup d\u2019Etat.<\/p>\n<p class=\"article__paragraph  \">Le texte, port\u00e9 par la majorit\u00e9 conservatrice et adopt\u00e9 \u00e0 48 voix contre 25 par le S\u00e9nat, pourrait ramener la dur\u00e9e d\u2019incarc\u00e9ration de l\u2019ancien chef d\u2019Etat \u00e0 deux ans et quatre mois. Son approbation par la Chambre des d\u00e9put\u00e9s la semaine pr\u00e9c\u00e9dente avait d\u00e9j\u00e0 suscit\u00e9 de vives critiques. Dimanche, des manifestations contre la mesure ont rassembl\u00e9 des dizaines de milliers de personnes, ainsi que des artistes, dans plusieurs grandes villes du pays.<\/p>\n<p class=\"article__paragraph  \">L\u2019ancien dirigeant d\u2019extr\u00eame droite (2019-2022) a commenc\u00e9 \u00e0 purger sa peine fin novembre dans les locaux de la police f\u00e9d\u00e9rale \u00e0 Brasilia. D\u2019apr\u00e8s les r\u00e8gles en vigueur actuellement, Jair Bolsonaro, 70 ans, pourrait rester incarc\u00e9r\u00e9 environ huit ans avant de b\u00e9n\u00e9ficier d\u2019un \u00e9ventuel am\u00e9nagement de sa peine, selon le tribunal d\u2019ex\u00e9cution des peines de la capitale br\u00e9silienne.<\/p>\n<p>                                       Lire aussi |  Article r\u00e9serv\u00e9 \u00e0 nos abonn\u00e9s  <a href=\"https:\/\/www.lemonde.fr\/international\/article\/2025\/12\/11\/au-bresil-les-deputes-adoptent-une-loi-pouvant-reduire-fortement-la-peine-de-jair-bolsonaro_6656865_3210.html\" class=\"js-article-read-also catcher--favoris__link\" data-premium=\"1\" id=\"article-title-3450566\" target=\"_blank\" rel=\"noopener\">Au Br\u00e9sil, les d\u00e9put\u00e9s adoptent une loi pouvant r\u00e9duire fortement la peine de Jair Bolsonaro<\/a>    <\/p>\n<p>   Lire plus tard  <\/p>\n<p class=\"article__paragraph  \">Le nouveau texte pr\u00e9voit \u00e9galement d\u2019accorder la libert\u00e9 conditionnelle \u00e0 des dizaines de ses partisans condamn\u00e9s pour les \u00e9meutes du 8 janvier 2023 \u00e0 Brasilia. Ce jour-l\u00e0, <a href=\"https:\/\/www.lemonde.fr\/international\/article\/2023\/01\/09\/au-bresil-une-attaque-sans-precedent-contre-la-democratie_6157122_3210.html\" target=\"_blank\" rel=\"noopener\">des milliers de bolsonaristes avaient saccag\u00e9 le Parlement<\/a>, le palais pr\u00e9sidentiel et la Cour supr\u00eame, r\u00e9clamant une intervention militaire pour d\u00e9loger du pouvoir le pr\u00e9sident actuel de gauche Luiz Inacio Lula da Silva, une semaine apr\u00e8s son investiture.<\/p>\n<p>                    Les \u00e9meutiers du 8\u00a0janvier 2023\u00a0concern\u00e9s aussi                    <\/p>\n<p class=\"article__paragraph  \">Le s\u00e9nateur centriste Renan Calheiros a qualifi\u00e9 le vote de \u00ab\u00a0farce\u00a0\u00bb et quitt\u00e9 la s\u00e9ance, accusant les alli\u00e9s du gouvernement d\u2019avoir laiss\u00e9 passer le texte en \u00e9change d\u2019un soutien \u00e0 une initiative augmentant la fiscalit\u00e9 sur certaines entreprises. Le s\u00e9nateur du Parti des travailleurs au pouvoir, Randolfe Rodrigues, a ni\u00e9 tout accord de ce type.<\/p>\n<p>                                       Lire aussi |  Article r\u00e9serv\u00e9 \u00e0 nos abonn\u00e9s  <a href=\"https:\/\/www.lemonde.fr\/international\/article\/2025\/11\/26\/bresil-incarcere-jair-bolsonaro-entame-sa-peine-de-vingt-sept-ans-de-prison-pour-coup-d-etat_6654876_3210.html\" class=\"js-article-read-also catcher--favoris__link\" data-premium=\"1\" id=\"article-title-3448268\" target=\"_blank\" rel=\"noopener\">Br\u00e9sil\u00a0: incarc\u00e9r\u00e9, Jair Bolsonaro entame sa peine de vingt-sept\u00a0ans de prison pour coup d\u2019Etat<\/a>    <\/p>\n<p>   Lire plus tard  <\/p>\n<p class=\"article__paragraph  \">Au sein d\u2019un Parlement \u00e0 forte majorit\u00e9 conservatrice, les bolsonaristes tentent en vain depuis f\u00e9vrier de faire voter un texte permettant \u00e0 Jair Bolsonaro de b\u00e9n\u00e9ficier d\u2019une amnistie totale. Mais \u00e0 l\u2019approche des vacances parlementaires de fin d\u2019ann\u00e9e, ils ont estim\u00e9 que la r\u00e9duction de sa peine constituait \u00ab\u00a0une premi\u00e8re \u00e9tape\u00a0\u00bb.<\/p>\n<p class=\"article__paragraph  \">La semaine derni\u00e8re, la proposition de loi avait \u00e9t\u00e9 approuv\u00e9e par les d\u00e9put\u00e9s \u00e0 l\u2019issue d\u2019une s\u00e9ance houleuse. Le rapporteur de la proposition de loi \u00e0 la chambre haute, Espiridao Amin, alli\u00e9 de Jair Bolsonaro, a modifi\u00e9 la formulation du texte pour que la r\u00e9duction de peine ne concerne que les personnes condamn\u00e9es \u00ab\u00a0pour des crimes contre l\u2019Etat de droit\u00a0\u00bb. Cela inclut donc l\u2019ancien pr\u00e9sident et ses proches collaborateurs condamn\u00e9s pour tentative de coup d\u2019Etat, ainsi que les \u00e9meutiers du 8 janvier 2023.<\/p>\n<p>                    <strong>Un \u00ab\u00a0geste de r\u00e9conciliation\u00a0\u00bb <\/strong>                    <\/p>\n<p class=\"article__paragraph  \">L\u2019entr\u00e9e en vigueur d\u2019une \u00e9ventuelle r\u00e9duction de peine pour Jair Bolsonaro pourrait \u00eatre retard\u00e9e si le pr\u00e9sident de gauche Luiz Inacio Lula da Silva d\u00e9cide de censurer le texte avant sa promulgation. \u00ab\u00a0Ce texte est vou\u00e9 au veto\u00a0\u00bb, a d\u00e9clar\u00e9 aux journalistes le s\u00e9nateur de gauche Randolfe Rodrigues, le qualifiant de \u00ab\u00a0lamentable\u00a0\u00bb. Toutefois, le Parlement aura le dernier mot et pourrait voter l\u2019annulation du veto pr\u00e9sidentiel.<\/p>\n<p class=\"article__paragraph  \">Le rapporteur de la proposition de loi \u00e0 la chambre basse, Paulinho da For\u00e7a, a pr\u00e9sent\u00e9 la mesure comme un \u00ab\u00a0geste de r\u00e9conciliation\u00a0\u00bb dans un pays fortement polaris\u00e9.<\/p>\n<p> Le Monde M\u00e9morable  <\/p>\n<p> <a href=\"https:\/\/www.lemonde.fr\/memorable\/?rfextension=inread\" class=\"inread__link js-services-inread-link\" target=\"_blank\" rel=\"noopener\">  <\/p>\n<p>Testez votre culture g\u00e9n\u00e9rale avec la r\u00e9daction du \u00ab Monde \u00bb<\/p>\n<p>Testez votre culture g\u00e9n\u00e9rale avec la r\u00e9daction du \u00ab Monde \u00bb<\/p>\n<p>D\u00e9couvrir<\/p>\n<p> <\/a>      <\/p>\n<p> Newsletter  <\/p>\n<p> <a href=\"https:\/\/www.lemonde.fr\/newsletters\/a-la-une\/\" class=\"inread__link js-services-inread-link\" target=\"_blank\" rel=\"noopener\">  <\/p>\n<p>\u00ab A la une \u00bb<\/p>\n<p>Chaque matin, parcourez l&rsquo;essentiel de l&rsquo;actualit\u00e9 du jour avec les derniers titres du \u00ab Monde \u00bb<\/p>\n<p>S&rsquo;inscrire<\/p>\n<p> <\/a>          <\/p>\n<p> Le Monde Application  <\/p>\n<p> <a href=\"https:\/\/lamatinale.onelink.me\/gKMy\/ahw2ubr3\" class=\"inread__link js-services-inread-link\" target=\"_blank\" rel=\"noopener\">  <\/p>\n<p>La Matinale du Monde<\/p>\n<p>Chaque matin, retrouvez notre s\u00e9lection de 20 articles \u00e0 ne pas manquer <\/p>\n<p>T\u00e9l\u00e9charger l&rsquo;application<\/p>\n<p> <\/a>      <\/p>\n<p> Newsletter abonn\u00e9s  <\/p>\n<p> <a href=\"https:\/\/www.lemonde.fr\/newsletters\/international\/\" class=\"inread__link js-services-inread-link\" target=\"_blank\" rel=\"noopener\">  <\/p>\n<p>\u00ab International \u00bb<\/p>\n<p>L\u2019essentiel de l\u2019actualit\u00e9 internationale de la semaine<\/p>\n<p>S&rsquo;inscrire<\/p>\n<p> <\/a>             <\/p>\n<p class=\"article__paragraph  \">En septembre, \u00e0 l\u2019issue d\u2019un proc\u00e8s historique, Jair Bolsonaro a \u00e9t\u00e9 reconnu coupable par la Cour supr\u00eame d\u2019\u00eatre le leader d\u2019une \u00ab\u00a0organisation criminelle\u00a0\u00bb ayant conspir\u00e9 pour son maintien au pouvoir malgr\u00e9 sa d\u00e9faite \u00e0 la pr\u00e9sidentielle de 2022. Selon l\u2019accusation, ce projet putschiste, qui pr\u00e9voyait m\u00eame l\u2019assassinat de Luiz Inacio Lula da Silva apr\u00e8s son \u00e9lection au second tour, a \u00e9chou\u00e9 faute de soutien du haut commandement militaire.<\/p>\n<p>                                       Lire aussi |  Article r\u00e9serv\u00e9 \u00e0 nos abonn\u00e9s  <a href=\"https:\/\/www.lemonde.fr\/international\/article\/2025\/12\/08\/bresil-jair-bolsonaro-adoube-son-fils-aine-comme-successeur_6656456_3210.html\" class=\"js-article-read-also catcher--favoris__link\" data-premium=\"1\" id=\"article-title-3450027\" target=\"_blank\" rel=\"noopener\">Br\u00e9sil\u00a0: Jair Bolsonaro adoube son fils a\u00een\u00e9 comme successeur<\/a>    <\/p>\n<p>   Lire plus tard  <\/p>\n<p class=\"author__detail\">  Le Monde avec AFP  <\/p>\n<p>                <a href=\"https:\/\/www.lemonde.fr\/syndication\/\" class=\"reuse__content\" title=\"R\u00e9utiliser ce contenu\" target=\"_blank\" rel=\"noopener\">R\u00e9utiliser ce contenu<\/a>      <\/p>\n","protected":false},"excerpt":{"rendered":"Des membres du Congr\u00e8s br\u00e9silien et des partisans de l\u2019ancien pr\u00e9sident Jair Bolsonaro c\u00e9l\u00e8brent le vote d\u2019un projet&hellip;\n","protected":false},"author":2,"featured_media":606726,"comment_status":"","ping_status":"","sticky":false,"template":"","format":"standard","meta":{"footnotes":""},"categories":[5],"tags":[11,1011,27,14,12,28],"class_list":{"0":"post-606725","1":"post","2":"type-post","3":"status-publish","4":"format-standard","5":"has-post-thumbnail","7":"category-international","8":"tag-actualites","9":"tag-fr","10":"tag-france","11":"tag-international","12":"tag-news","13":"tag-world"},"share_on_mastodon":{"url":"https:\/\/pubeurope.com\/@fr\/115738754014506342","error":""},"_links":{"self":[{"href":"https:\/\/www.europesays.com\/fr\/wp-json\/wp\/v2\/posts\/606725","targetHints":{"allow":["GET"]}}],"collection":[{"href":"https:\/\/www.europesays.com\/fr\/wp-json\/wp\/v2\/posts"}],"about":[{"href":"https:\/\/www.europesays.com\/fr\/wp-json\/wp\/v2\/types\/post"}],"author":[{"embeddable":true,"href":"https:\/\/www.europesays.com\/fr\/wp-json\/wp\/v2\/users\/2"}],"replies":[{"embeddable":true,"href":"https:\/\/www.europesays.com\/fr\/wp-json\/wp\/v2\/comments?post=606725"}],"version-history":[{"count":0,"href":"https:\/\/www.europesays.com\/fr\/wp-json\/wp\/v2\/posts\/606725\/revisions"}],"wp:featuredmedia":[{"embeddable":true,"href":"https:\/\/www.europesays.com\/fr\/wp-json\/wp\/v2\/media\/606726"}],"wp:attachment":[{"href":"https:\/\/www.europesays.com\/fr\/wp-json\/wp\/v2\/media?parent=606725"}],"wp:term":[{"taxonomy":"category","embeddable":true,"href":"https:\/\/www.europesays.com\/fr\/wp-json\/wp\/v2\/categories?post=606725"},{"taxonomy":"post_tag","embeddable":true,"href":"https:\/\/www.europesays.com\/fr\/wp-json\/wp\/v2\/tags?post=606725"}],"curies":[{"name":"wp","href":"https:\/\/api.w.org\/{rel}","templated":true}]}}