{"id":606731,"date":"2025-12-18T04:48:11","date_gmt":"2025-12-18T04:48:11","guid":{"rendered":"https:\/\/www.europesays.com\/fr\/606731\/"},"modified":"2025-12-18T04:48:11","modified_gmt":"2025-12-18T04:48:11","slug":"du-gospel-en-leglise-saint-etienne","status":"publish","type":"post","link":"https:\/\/www.europesays.com\/fr\/606731\/","title":{"rendered":"Du gospel en l\u2019\u00e9glise Saint-\u00c9tienne"},"content":{"rendered":"<p>\u00c0 quelques jours de No\u00ebl, la municipalit\u00e9 offre \u00e0 la population un concert de gospel qui se d\u00e9roulera en l\u2019\u00e9glise Saint-\u00c9tienne le lundi 22 d\u00e9cembre, \u00e0 19 h.<\/p>\n<p>Dirig\u00e9 par Flora Sicot, le New Orleans Gospel quartet r\u00e9unit quatre chanteurs talentueux de la sc\u00e8ne gospel europ\u00e9enne.<\/p>\n<p>Avec des voix aux timbres expressifs et bouleversants, ils offrent une exp\u00e9rience musicale intense, pleine d\u2019espoir et de foi.<\/p>\n<p>Leur r\u00e9pertoire m\u00e9lange gospel, blues, et rythmes de la Nouvelle-Orl\u00e9ans. Ils revisitent les classiques avec une joie contagieuse.<\/p>\n<p>Ces artistes passionn\u00e9s cr\u00e9ent un v\u00e9ritable moment de complicit\u00e9 et de partage sur sc\u00e8ne.<\/p>\n<p>La musique touche les c\u0153urs et les \u00e2mes\u2026<\/p>\n<p>Le public doit se pr\u00e9parer \u00e0 \u00eatre transport\u00e9 par des harmonies puissantes et des rythmes entra\u00eenants.<\/p>\n","protected":false},"excerpt":{"rendered":"\u00c0 quelques jours de No\u00ebl, la municipalit\u00e9 offre \u00e0 la population un concert de gospel qui se d\u00e9roulera&hellip;\n","protected":false},"author":2,"featured_media":606732,"comment_status":"","ping_status":"","sticky":false,"template":"","format":"standard","meta":{"footnotes":""},"categories":[9653],"tags":[1111,11,2430,69492,872,1777,674,1011,27,7089,12,25,4001,71813],"class_list":{"0":"post-606731","1":"post","2":"type-post","3":"status-publish","4":"format-standard","5":"has-post-thumbnail","7":"category-saint-etienne","8":"tag-actu","9":"tag-actualites","10":"tag-auvergne-rhone-alpes","11":"tag-concerts-spectacles","12":"tag-culture-et-loisirs","13":"tag-eu","14":"tag-europe","15":"tag-fr","16":"tag-france","17":"tag-herault","18":"tag-news","19":"tag-republique-francaise","20":"tag-saint-etienne","21":"tag-villeneuvelesbeziers"},"share_on_mastodon":{"url":"https:\/\/pubeurope.com\/@fr\/115738765171833630","error":""},"_links":{"self":[{"href":"https:\/\/www.europesays.com\/fr\/wp-json\/wp\/v2\/posts\/606731","targetHints":{"allow":["GET"]}}],"collection":[{"href":"https:\/\/www.europesays.com\/fr\/wp-json\/wp\/v2\/posts"}],"about":[{"href":"https:\/\/www.europesays.com\/fr\/wp-json\/wp\/v2\/types\/post"}],"author":[{"embeddable":true,"href":"https:\/\/www.europesays.com\/fr\/wp-json\/wp\/v2\/users\/2"}],"replies":[{"embeddable":true,"href":"https:\/\/www.europesays.com\/fr\/wp-json\/wp\/v2\/comments?post=606731"}],"version-history":[{"count":0,"href":"https:\/\/www.europesays.com\/fr\/wp-json\/wp\/v2\/posts\/606731\/revisions"}],"wp:featuredmedia":[{"embeddable":true,"href":"https:\/\/www.europesays.com\/fr\/wp-json\/wp\/v2\/media\/606732"}],"wp:attachment":[{"href":"https:\/\/www.europesays.com\/fr\/wp-json\/wp\/v2\/media?parent=606731"}],"wp:term":[{"taxonomy":"category","embeddable":true,"href":"https:\/\/www.europesays.com\/fr\/wp-json\/wp\/v2\/categories?post=606731"},{"taxonomy":"post_tag","embeddable":true,"href":"https:\/\/www.europesays.com\/fr\/wp-json\/wp\/v2\/tags?post=606731"}],"curies":[{"name":"wp","href":"https:\/\/api.w.org\/{rel}","templated":true}]}}