{"id":606733,"date":"2025-12-18T04:49:12","date_gmt":"2025-12-18T04:49:12","guid":{"rendered":"https:\/\/www.europesays.com\/fr\/606733\/"},"modified":"2025-12-18T04:49:12","modified_gmt":"2025-12-18T04:49:12","slug":"cahors-succes-du-premier-marche-de-noel-du-lycee-saint-etienne","status":"publish","type":"post","link":"https:\/\/www.europesays.com\/fr\/606733\/","title":{"rendered":"Cahors. Succ\u00e8s du premier march\u00e9 de No\u00ebl du lyc\u00e9e Saint-\u00c9tienne"},"content":{"rendered":"<p>Le 5 d\u00e9cembre dernier, le lyc\u00e9e des M\u00e9tiers Saint-\u00c9tienne a organis\u00e9 son premier March\u00e9 de No\u00ebl sur le site de la Verrerie. \u00c9l\u00e8ves, familles et habitants ont pu profiter d\u2019un d\u00e9cor de No\u00ebl f\u00e9erique m\u00ealant stands artisanaux, produits du terroir, animations pour un march\u00e9 gourmand et f\u00e9erique.<\/p>\n<p>Port\u00e9 par les \u00e9l\u00e8ves de seconde M\u00e9tiers de la Relation Client et premi\u00e8re M\u00e9tiers du Commerce et de la Vente dans le cadre d\u2019un projet p\u00e9dagogique, l\u2019\u00e9v\u00e9nement a mobilis\u00e9 toutes les fili\u00e8res du lyc\u00e9e. Les \u00e9l\u00e8ves ont ainsi mis en pratique leurs comp\u00e9tences en communication, accueil, organisation et relation client, d\u00e9cor et mise en sc\u00e8ne.<\/p>\n<p>Le public a salu\u00e9 la qualit\u00e9 de la soir\u00e9e : \u00ab\u00a0Un p\u00eale-m\u00eale color\u00e9 avec parents, familles, \u00e9l\u00e8ves et professeurs\u00a0\u00bb, \u00ab\u00a0Une tr\u00e8s belle r\u00e9ussite\u00a0\u00bb, \u00ab\u00a0Chaleureux, convivial, f\u00e9erique !\u00a0\u00bb, \u00ab\u00a0Nos \u00e9l\u00e8ves ont \u00e9t\u00e9 formidables et ont conquis le public\u00a0\u00bb. Le lyc\u00e9e remercie l\u2019ensemble des participants et donne d\u00e9j\u00e0 rendez-vous en 2026 pour une prochaine \u00e9dition encore plus ambitieuse.<\/p>\n","protected":false},"excerpt":{"rendered":"Le 5 d\u00e9cembre dernier, le lyc\u00e9e des M\u00e9tiers Saint-\u00c9tienne a organis\u00e9 son premier March\u00e9 de No\u00ebl sur le&hellip;\n","protected":false},"author":2,"featured_media":606734,"comment_status":"","ping_status":"","sticky":false,"template":"","format":"standard","meta":{"footnotes":""},"categories":[9653],"tags":[1111,11,2430,70521,1777,674,1011,27,329,20064,12,25,4001,1857],"class_list":{"0":"post-606733","1":"post","2":"type-post","3":"status-publish","4":"format-standard","5":"has-post-thumbnail","7":"category-saint-etienne","8":"tag-actu","9":"tag-actualites","10":"tag-auvergne-rhone-alpes","11":"tag-cahors","12":"tag-eu","13":"tag-europe","14":"tag-fr","15":"tag-france","16":"tag-france-monde","17":"tag-lot","18":"tag-news","19":"tag-republique-francaise","20":"tag-saint-etienne","21":"tag-sociu00e9tu00e9"},"share_on_mastodon":{"url":"https:\/\/pubeurope.com\/@fr\/115738769055662514","error":""},"_links":{"self":[{"href":"https:\/\/www.europesays.com\/fr\/wp-json\/wp\/v2\/posts\/606733","targetHints":{"allow":["GET"]}}],"collection":[{"href":"https:\/\/www.europesays.com\/fr\/wp-json\/wp\/v2\/posts"}],"about":[{"href":"https:\/\/www.europesays.com\/fr\/wp-json\/wp\/v2\/types\/post"}],"author":[{"embeddable":true,"href":"https:\/\/www.europesays.com\/fr\/wp-json\/wp\/v2\/users\/2"}],"replies":[{"embeddable":true,"href":"https:\/\/www.europesays.com\/fr\/wp-json\/wp\/v2\/comments?post=606733"}],"version-history":[{"count":0,"href":"https:\/\/www.europesays.com\/fr\/wp-json\/wp\/v2\/posts\/606733\/revisions"}],"wp:featuredmedia":[{"embeddable":true,"href":"https:\/\/www.europesays.com\/fr\/wp-json\/wp\/v2\/media\/606734"}],"wp:attachment":[{"href":"https:\/\/www.europesays.com\/fr\/wp-json\/wp\/v2\/media?parent=606733"}],"wp:term":[{"taxonomy":"category","embeddable":true,"href":"https:\/\/www.europesays.com\/fr\/wp-json\/wp\/v2\/categories?post=606733"},{"taxonomy":"post_tag","embeddable":true,"href":"https:\/\/www.europesays.com\/fr\/wp-json\/wp\/v2\/tags?post=606733"}],"curies":[{"name":"wp","href":"https:\/\/api.w.org\/{rel}","templated":true}]}}