{"id":606735,"date":"2025-12-18T04:51:04","date_gmt":"2025-12-18T04:51:04","guid":{"rendered":"https:\/\/www.europesays.com\/fr\/606735\/"},"modified":"2025-12-18T04:51:04","modified_gmt":"2025-12-18T04:51:04","slug":"champigneulles-champhivernal-sembrase-au-son-du-flamenco","status":"publish","type":"post","link":"https:\/\/www.europesays.com\/fr\/606735\/","title":{"rendered":"Champigneulles. Champ\u2019Hivernal s\u2019embrase au son du flamenco"},"content":{"rendered":"<p>Ambiance \u00ab\u00a0caliente\u00a0\u00bb dimanche soir dans la cour d\u2019honneur du Ch\u00e2teau de Bas\u00a0! Dans le cadre de Champ\u2019Hivernal, la Compagnie de flamenco \u00ab\u00a0A Compas\u00a0\u00bb a propos\u00e9 aux nombreux spectateurs un spectacle aussi festif qu\u2019envo\u00fbtant. Men\u00e9s par Caroline, qui dispense des cours de flamenco au FJEP depuis septembre, et accompagn\u00e9s au \u00ab\u00a0cajon\u00a0\u00bb par Cl\u00e9ment, une vingtaine de danseuses et danseurs ont fait vibrer la sc\u00e8ne, transmettant toute l\u2019\u00e9motion et les traditions de l\u2019Espagne et de l\u2019Andalousie.<\/p>\n","protected":false},"excerpt":{"rendered":"Ambiance \u00ab\u00a0caliente\u00a0\u00bb dimanche soir dans la cour d\u2019honneur du Ch\u00e2teau de Bas\u00a0! Dans le cadre de Champ\u2019Hivernal, la&hellip;\n","protected":false},"author":2,"featured_media":606736,"comment_status":"","ping_status":"","sticky":false,"template":"","format":"standard","meta":{"footnotes":""},"categories":[9635],"tags":[1111,11,13561,13560,1687,1704,1777,674,1011,27,775,1702,12,25,3140],"class_list":{"0":"post-606735","1":"post","2":"type-post","3":"status-publish","4":"format-standard","5":"has-post-thumbnail","7":"category-nancy","8":"tag-actu","9":"tag-actualites","10":"tag-cc-du-bassin-de-pompey-54b2","11":"tag-champigneulles","12":"tag-culture-loisirs","13":"tag-edition-nancy-et-agglomeration","14":"tag-eu","15":"tag-europe","16":"tag-fr","17":"tag-france","18":"tag-grand-est","19":"tag-nancy","20":"tag-news","21":"tag-republique-francaise","22":"tag-spectacle"},"share_on_mastodon":{"url":"https:\/\/pubeurope.com\/@fr\/115738777100467301","error":""},"_links":{"self":[{"href":"https:\/\/www.europesays.com\/fr\/wp-json\/wp\/v2\/posts\/606735","targetHints":{"allow":["GET"]}}],"collection":[{"href":"https:\/\/www.europesays.com\/fr\/wp-json\/wp\/v2\/posts"}],"about":[{"href":"https:\/\/www.europesays.com\/fr\/wp-json\/wp\/v2\/types\/post"}],"author":[{"embeddable":true,"href":"https:\/\/www.europesays.com\/fr\/wp-json\/wp\/v2\/users\/2"}],"replies":[{"embeddable":true,"href":"https:\/\/www.europesays.com\/fr\/wp-json\/wp\/v2\/comments?post=606735"}],"version-history":[{"count":0,"href":"https:\/\/www.europesays.com\/fr\/wp-json\/wp\/v2\/posts\/606735\/revisions"}],"wp:featuredmedia":[{"embeddable":true,"href":"https:\/\/www.europesays.com\/fr\/wp-json\/wp\/v2\/media\/606736"}],"wp:attachment":[{"href":"https:\/\/www.europesays.com\/fr\/wp-json\/wp\/v2\/media?parent=606735"}],"wp:term":[{"taxonomy":"category","embeddable":true,"href":"https:\/\/www.europesays.com\/fr\/wp-json\/wp\/v2\/categories?post=606735"},{"taxonomy":"post_tag","embeddable":true,"href":"https:\/\/www.europesays.com\/fr\/wp-json\/wp\/v2\/tags?post=606735"}],"curies":[{"name":"wp","href":"https:\/\/api.w.org\/{rel}","templated":true}]}}