{"id":606748,"date":"2025-12-18T05:02:17","date_gmt":"2025-12-18T05:02:17","guid":{"rendered":"https:\/\/www.europesays.com\/fr\/606748\/"},"modified":"2025-12-18T05:02:17","modified_gmt":"2025-12-18T05:02:17","slug":"pro-d2-vers-un-boycott-du-match-grenoble","status":"publish","type":"post","link":"https:\/\/www.europesays.com\/fr\/606748\/","title":{"rendered":"Pro D2 : Vers un boycott du match Grenoble"},"content":{"rendered":"<p>Face \u00e0 ce nouvel \u00e9pisode, l\u2019effectif dacquois a r\u00e9agi avec une rare fermet\u00e9. Dans un communiqu\u00e9 publi\u00e9 sur les r\u00e9seaux sociaux, les joueurs ont exprim\u00e9 leur \u00ab profond m\u00e9contentement \u00bb et leur \u00ab vive inqui\u00e9tude \u00bb quant \u00e0 la situation du club. Ils rappellent que deux sanctions sportives distinctes ont d\u00e9j\u00e0 \u00e9t\u00e9 inflig\u00e9es. Une premi\u00e8re de cinq points, puis cette nouvelle de neuf points assortie d\u2019un sursis de trois. Pour eux, ces p\u00e9nalit\u00e9s sont la cons\u00e9quence directe de \u00ab mauvaises d\u00e9cisions et d\u2019une gestion d\u00e9faillante de la pr\u00e9sidence \u00bb.<\/p>\n<p>\u00a0<\/p>\n<p>Au-del\u00e0 du constat, les joueurs posent un acte fort. Ceux-ci menacent de boycotter le d\u00e9placement \u00e0 Grenoble, pr\u00e9vu vendredi soir pour la 15e journ\u00e9e de Pro D2. Ils estiment ne plus disposer des \u00ab garanties minimales \u00bb pour \u00e9voluer dans un cadre structur\u00e9 et serein. Leur communiqu\u00e9 insiste sur le fait que cette d\u00e9marche n\u2019a pas pour but de nuire au club, mais de provoquer une prise de conscience urgente.<\/p>\n<p>\u00a0<\/p>\n<p>La r\u00e9ponse des dirigeants<\/p>\n<p>La tension entre l\u2019effectif et la direction est d\u00e9sormais palpable. Les joueurs sont visiblement attach\u00e9s \u00e0 l\u2019institution et \u00e0 ses valeurs. Ils exigent des actes concrets, de la transparence et le respect des engagements pris. Leur menace de boycott illustre une rupture de confiance profonde qui d\u00e9passe le simple cadre sportif. Elle met en lumi\u00e8re un malaise structurel o\u00f9 la gestion administrative et financi\u00e8re impacte directement la dynamique du groupe. Quelques minutes apr\u00e8s la publication du communiqu\u00e9 des joueurs, la direction dacquoise a r\u00e9agi. Dans un texte long et d\u00e9taill\u00e9, elle a tent\u00e9 d\u2019apaiser les tensions en affirmant vouloir apporter des clarifications.<\/p>\n<blockquote class=\"twitter-tweet\">\n<p dir=\"ltr\" lang=\"fr\">Communiqu\u00e9 du club de l\u2019US DAX Rugby Landes<a href=\"https:\/\/t.co\/zCE6bXpF2v\">https:\/\/t.co\/zCE6bXpF2v<\/a> <a href=\"https:\/\/t.co\/vHYfuyxKxv\">pic.twitter.com\/vHYfuyxKxv<\/a><\/p>\n<p>\u2014 U.S.Dax Rugby Landes (@usdaxrugby) <a href=\"https:\/\/twitter.com\/usdaxrugby\/status\/2000883927121006734?ref_src=twsrc%5Etfw\" target=\"_blank\" rel=\"noopener\">December 16, 2025<\/a><\/p>\n<\/blockquote>\n<blockquote>\n<p>\u00ab Les sanctions sportives r\u00e9cemment prononc\u00e9es ne sont en aucun cas li\u00e9es \u00e0 des difficult\u00e9s financi\u00e8res du club. La situation \u00e9conomique de l\u2019US DAX Rugby Landes est ma\u00eetris\u00e9e. Les engagements contractuels ont toujours \u00e9t\u00e9 respect\u00e9s : l\u2019ensemble des salaires des joueurs et du staff a \u00e9t\u00e9 int\u00e9gralement et tout le temps honor\u00e9. Depuis deux saisons, le club a engag\u00e9 un travail important de d\u00e9veloppement et d\u2019am\u00e9lioration de ses infrastructures, pr\u00e9cis\u00e9ment dans l\u2019objectif d\u2019offrir aux joueurs les meilleures conditions possibles d\u2019entra\u00eenement, de pr\u00e9paration et de performance. Ces investissements ont toujours \u00e9t\u00e9 pens\u00e9s dans l\u2019int\u00e9r\u00eat du groupe sportif et pour le confort quotidien des joueurs \u00bb peut-on lire.<\/p>\n<\/blockquote>\n<p>\u00a0<\/p>\n<p>Un contexte sportif fragilis\u00e9<\/p>\n<blockquote>\n<p>\u00ab La direction tient \u00e0 r\u00e9affirmer que toutes les d\u00e9cisions prises l\u2019ont \u00e9t\u00e9 dans l\u2019int\u00e9r\u00eat sup\u00e9rieur du club et de son projet \u00e0 long terme. Des discussions sont actuellement en cours afin de s\u00e9curiser l\u2019avenir de l\u2019US DAX Rugby Landes et de r\u00e9pondre aux diff\u00e9rentes probl\u00e9matiques soulev\u00e9es. Par ailleurs, un appel sera officiellement formul\u00e9 aupr\u00e8s de la F\u00e9d\u00e9ration Fran\u00e7aise de Rugby au mois de janvier concernant la derni\u00e8re sanction. Consciente des inqui\u00e9tudes exprim\u00e9es, la direction a souhait\u00e9 organiser une r\u00e9union r\u00e9unissant la direction, les joueurs et le staff, afin d\u2019\u00e9changer de mani\u00e8re directe, constructive et transparente, et d\u2019apporter des r\u00e9ponses claires aux interrogations l\u00e9gitimes du groupe \u00bb, ajoute la <a href=\"https:\/\/usdrugby-landes.fr\/actualites\/communique-club-lus-dax-rugby-landes-1211216253965.html\" target=\"_blank\" rel=\"noopener\">direction de l&rsquo;US Dax<\/a>.<\/p>\n<\/blockquote>\n<p>\u00a0<\/p>\n<p>Reste \u00e0 voir si cela suffit \u00e0 freine les joueurs dans leur \u00e9lan. Sur le plan sportif, cette sanction plonge l\u2019US Dax dans une situation d\u00e9licate. Elle compromet s\u00e9rieusement les ambitions du club dans un championnat o\u00f9 chaque unit\u00e9 compte. La menace de boycott ajoute une incertitude suppl\u00e9mentaire. Si les joueurs d\u00e9cidaient de ne pas se d\u00e9placer \u00e0 Grenoble, les cons\u00e9quences pourraient \u00eatre lourdes, tant sur le plan sportif que disciplinaire. La r\u00e9union annonc\u00e9e par la direction sera d\u00e9terminante. Elle devra permettre de r\u00e9tablir un minimum de confiance et d\u2019\u00e9viter que la menace de boycott ne se concr\u00e9tise. Mais au-del\u00e0 de l\u2019urgence imm\u00e9diate, l\u2019US Dax devra engager une r\u00e9flexion de fond sur sa gouvernance et sur la mani\u00e8re de garantir un cadre stable \u00e0 ses joueurs.<\/p>\n<p>Partagez cette info avec vos amis et vos proches en cliquant ici<br \/>Pour r\u00e9sumer<\/p>\n<p>US Dax, sanctionn\u00e9 de neuf points en Pro D2, voit ses joueurs menacer de boycotter le match \u00e0 Grenoble. En col\u00e8re contre la gestion du club, ils exigent transparence et garanties, tandis que la direction tente d\u2019apaiser et promet une r\u00e9union d\u00e9cisive.<\/p>\n<p> <img decoding=\"async\" width=\"76\" height=\"76\" loading=\"lazy\" src=\"https:\/\/www.europesays.com\/fr\/wp-content\/uploads\/2025\/04\/avatar-quinze.png\" alt=\"Voldi Fr\u00e9jus\u00a0Hounvio\"\/><script async src=\"https:\/\/platform.twitter.com\/widgets.js\" charset=\"utf-8\"><\/script><\/p>\n","protected":false},"excerpt":{"rendered":"Face \u00e0 ce nouvel \u00e9pisode, l\u2019effectif dacquois a r\u00e9agi avec une rare fermet\u00e9. Dans un communiqu\u00e9 publi\u00e9 sur&hellip;\n","protected":false},"author":2,"featured_media":606749,"comment_status":"","ping_status":"","sticky":false,"template":"","format":"standard","meta":{"footnotes":""},"categories":[9566],"tags":[1111,11,2430,1777,674,1011,27,2731,12,2308,25],"class_list":{"0":"post-606748","1":"post","2":"type-post","3":"status-publish","4":"format-standard","5":"has-post-thumbnail","7":"category-grenoble","8":"tag-actu","9":"tag-actualites","10":"tag-auvergne-rhone-alpes","11":"tag-eu","12":"tag-europe","13":"tag-fr","14":"tag-france","15":"tag-grenoble","16":"tag-news","17":"tag-pro-d2","18":"tag-republique-francaise"},"share_on_mastodon":{"url":"https:\/\/pubeurope.com\/@fr\/115738820960762690","error":""},"_links":{"self":[{"href":"https:\/\/www.europesays.com\/fr\/wp-json\/wp\/v2\/posts\/606748","targetHints":{"allow":["GET"]}}],"collection":[{"href":"https:\/\/www.europesays.com\/fr\/wp-json\/wp\/v2\/posts"}],"about":[{"href":"https:\/\/www.europesays.com\/fr\/wp-json\/wp\/v2\/types\/post"}],"author":[{"embeddable":true,"href":"https:\/\/www.europesays.com\/fr\/wp-json\/wp\/v2\/users\/2"}],"replies":[{"embeddable":true,"href":"https:\/\/www.europesays.com\/fr\/wp-json\/wp\/v2\/comments?post=606748"}],"version-history":[{"count":0,"href":"https:\/\/www.europesays.com\/fr\/wp-json\/wp\/v2\/posts\/606748\/revisions"}],"wp:featuredmedia":[{"embeddable":true,"href":"https:\/\/www.europesays.com\/fr\/wp-json\/wp\/v2\/media\/606749"}],"wp:attachment":[{"href":"https:\/\/www.europesays.com\/fr\/wp-json\/wp\/v2\/media?parent=606748"}],"wp:term":[{"taxonomy":"category","embeddable":true,"href":"https:\/\/www.europesays.com\/fr\/wp-json\/wp\/v2\/categories?post=606748"},{"taxonomy":"post_tag","embeddable":true,"href":"https:\/\/www.europesays.com\/fr\/wp-json\/wp\/v2\/tags?post=606748"}],"curies":[{"name":"wp","href":"https:\/\/api.w.org\/{rel}","templated":true}]}}