{"id":606759,"date":"2025-12-18T05:08:14","date_gmt":"2025-12-18T05:08:14","guid":{"rendered":"https:\/\/www.europesays.com\/fr\/606759\/"},"modified":"2025-12-18T05:08:14","modified_gmt":"2025-12-18T05:08:14","slug":"parcours-detaille-etapes-cles-favoris-et-arrivee-inedite-au-stade-allianz-riviera","status":"publish","type":"post","link":"https:\/\/www.europesays.com\/fr\/606759\/","title":{"rendered":"Parcours d\u00e9taill\u00e9, \u00e9tapes cl\u00e9s, favoris et arriv\u00e9e in\u00e9dite au Stade Allianz Riviera"},"content":{"rendered":"<p>            <a href=\"https:\/\/todaycycling.com\/wp-content\/uploads\/2025\/12\/paris-nice-2026-une-course-au-soleil-remodelee-et-un-final-de-folie-dans-l-antre-de-l-ogc-nice.jpg\" data-caption=\"Le vainqueur 2026 sera sacr\u00e9 dans le stade de l\u2019OGC Nice, l\u2019Allianz Riviera, et non sur la Promenade des Anglais. Image : @ASO_ParisNice\" target=\"_blank\" rel=\"noopener\"><img loading=\"lazy\" decoding=\"async\" width=\"696\" height=\"490\" class=\"entry-thumb td-modal-image\" src=\"data:image\/svg+xml,%3Csvg%20xmlns=\" http:=\"\" data-lazy- data-lazy- alt=\"Paris Nice 2026 une Course au Soleil remodel\u00e9e et un final de folie dans l'antre de l'OGC Nice\" title=\"\" data-lazy-src=\"https:\/\/www.europesays.com\/fr\/wp-content\/uploads\/2025\/12\/paris-nice-2026-une-course-au-soleil-remodelee-et-un-final-de-folie-dans-l-antre-de-l-ogc-nice-696x4.jpeg\"\/><\/a>Le vainqueur 2026 sera sacr\u00e9 dans le stade de l\u2019OGC Nice, l\u2019Allianz Riviera, et non sur la Promenade des Anglais. Image : @ASO_ParisNice<\/p>\n<p>ASO a d\u00e9voil\u00e9 le trac\u00e9 de la <strong>84e \u00e9dition de Paris-Nice. Du 8 au 15 mars 2026, le peloton affrontera 1245 km et 16 460 m de d\u00e9nivel\u00e9<\/strong>. Au programme : un contre-la-montre par \u00e9quipes r\u00e9p\u00e9tition du Tour, des \u00e9tapes vallonn\u00e9es et un final explosif sur la C\u00f4te d\u2019Azur. Sacre surprise : le vainqueur sera couronn\u00e9 au Stade Allianz Riviera, et non sur la Promenade des Anglais, bouleversant les traditions.<\/p>\n<p>Lire aussi :\u00a0<a href=\"https:\/\/todaycycling.com\/le-grand-chambardement-2026-analyse-des-transferts-qui-redessinent-le-cyclisme-mondial\/\" target=\"_blank\" rel=\"noreferrer noopener\">Mercato 2026 \/ Le grand chambardement du cyclisme mondial<\/a><\/p>\n<p>Pourquoi l\u2019arriv\u00e9e 2026 se jouera dans un stade de foot ?<\/p>\n<p>La traditionnelle Promenade des Anglais sera indisponible le 15 mars 2026, jour du premier tour des \u00e9lections municipales. <strong>Amaury Sport Organisation a donc innov\u00e9 en tra\u00e7ant la ligne d\u2019arriv\u00e9e finale \u00e0 l\u2019int\u00e9rieur du Stade Allianz Riviera, l\u2019enceinte de l\u2019OGC Nice<\/strong>. Une premi\u00e8re qui promet une ambiance et un d\u00e9cor spectaculaires pour le sacre du successeur de Matteo Jorgenson, double tenant du titre.<\/p>\n<p>Un parcours complet, fid\u00e8le \u00e0 l\u2019ADN de la \u00ab\u00a0Course au Soleil\u00a0\u00bb<\/p>\n<p>Le trac\u00e9 2026 m\u00eale habilement tous les ingr\u00e9dients qui font le succ\u00e8s de l\u2019\u00e9preuve. <strong>Il s\u2019agit d\u2019un mini-Tour de France exigeant<\/strong>, con\u00e7u pour r\u00e9v\u00e9ler le coureur le plus complet. Le parcours progresse en intensit\u00e9, des possibles bordures en Ile-de-France aux cols du Sud.<\/p>\n<p>D\u00e9cryptage des 8 \u00e9tapes : o\u00f9 se jouera la victoire ?<\/p>\n<p>Jour 1 \u00e0 3 : Vigilance et premi\u00e8re s\u00e9lection<\/p>\n<p><strong>La course s\u2019\u00e9lance d\u2019Ach\u00e8res (Yvelines) pour une premi\u00e8re \u00e9tape<\/strong> nerveuse vers Carri\u00e8res-sous-Poissy. La c\u00f4te de Chanteloup-les-Vignes, \u00e0 11 km du but, peut d\u00e9j\u00e0 cr\u00e9er des \u00e9carts. La <strong>deuxi\u00e8me \u00e9tape (\u00c9p\u00f4ne-Montargis)<\/strong> est taill\u00e9e pour les sprinteurs, mais le vent peut tout bouleverser. Premier vrai tournant le <strong>mardi 10 mars : un contre-la-montre par \u00e9quipes de 23,5 km dans la Ni\u00e8vre<\/strong>. Cet exercice est une r\u00e9p\u00e9tition g\u00e9n\u00e9rale du chrono par \u00e9quipes du Tour de France 2026 \u00e0 Barcelone.<\/p>\n<p>Jour 4 &amp; 5 : L\u2019entr\u00e9e en montagne<\/p>\n<p>L\u2019\u00e9preuve de force commence vraiment. <strong>L\u2019\u00e9tape Bourges \u2013 Uchon (195 km) plonge le peloton dans le Morvan pour une arriv\u00e9e en c\u00f4te exigeante<\/strong>. Le lendemain, <strong>l\u2019\u00e9tape la plus longue (205,4 km) entre Cormoranche-sur-Sa\u00f4ne et Colombier-le-Vieux<\/strong>, avec plus de 3000 m de d\u00e9nivel\u00e9 dans les reliefs ard\u00e9chois, sera d\u00e9cisive pour le classement g\u00e9n\u00e9ral.<\/p>\n<p>Le week-end final : l\u2019apoth\u00e9ose azur\u00e9enne<\/p>\n<p>Arriv\u00e9 dans le Sud, le peloton encha\u00eenera une \u00e9tape de transition dans le Luberon avant le final. Le <strong>samedi 14 mars, l\u2019ascension mythique vers Auron (15,3 km \u00e0 5,8%) servira de juge de paix ultime, comme en 2025<\/strong>. Le dimanche, la <strong>derni\u00e8re \u00e9tape autour de Nice est remodel\u00e9e : adieu le col d\u2019\u00c8ze, place \u00e0 un duo infernal avec les c\u00f4tes de Ch\u00e2teauneuf-Villevieille et du Linguador (3,3 km \u00e0 8,8%)<\/strong>, \u00e0 seulement 18 km de l\u2019arriv\u00e9e dans le stade. Tout peut encore basculer.<\/p>\n<p>Les favoris absents et les hommes en forme<\/p>\n<p>Le plateau sera prestigieux, malgr\u00e9 quelques absents de marque. T<strong>adej Poga\u010dar (vainqueur 2023) et Remco Evenepoel ne seront pas au d\u00e9part. Jonas Vingegaard, forfait en 2025, reste incertain<\/strong>.<\/p>\n<p>L\u2019opportunit\u00e9 est donc immense pour une nouvelle g\u00e9n\u00e9ration. Les regards se porteront sur : Simon Yates (Visma-Lease a Bike), toujours dangereux, Jo\u00e3o Almeida (UAE Team Emirates Xrg) et Juan Ayuso (Lidl-Trek), leaders naturels. Les espoirs tricolores Lenny Martinez, K\u00e9vin Vauquelin et David Gaudu, qui \u00e9volueront sur un terrain \u00e0 leur mesure. Les sprints devraient opposer des pointures comme Mads Pedersen, Tim Merlier et Olav Kooij.<\/p>\n<p>Paris-Nice 2026 en chiffres cl\u00e9s<\/p>\n<p>8 jours de course, du 8 au 15 mars 2026.<\/p>\n<p>1245 kilom\u00e8tres au total.<\/p>\n<p>16 460 m\u00e8tres de d\u00e9nivel\u00e9 positif cumul\u00e9.<\/p>\n<p>1 contre-la-montre par \u00e9quipes de 23,5 km.<\/p>\n<p>7 r\u00e9gions et 18 d\u00e9partements travers\u00e9s.<\/p>\n<p>Arriv\u00e9e finale in\u00e9dite au Stade Allianz Riviera \u00e0 Nice.<\/p>\n<p><a href=\"https:\/\/todaycycling.com\/wp-content\/uploads\/2025\/12\/carte-parcours-paris-nice-2026.jpg\" target=\"_blank\" rel=\"noopener\"><img fetchpriority=\"high\" decoding=\"async\" width=\"903\" height=\"1024\" src=\"data:image\/svg+xml,%3Csvg%20xmlns=\" http:=\"\" alt=\"\" class=\"wp-image-267709\" data-lazy- data-lazy- data-lazy-src=\"https:\/\/www.europesays.com\/fr\/wp-content\/uploads\/2025\/12\/carte-parcours-paris-nice-2026-903x1024.jpg\"\/><\/a>Image : @ASO_ParisNice_GeoAtlas<\/p>\n","protected":false},"excerpt":{"rendered":"Le vainqueur 2026 sera sacr\u00e9 dans le stade de l\u2019OGC Nice, l\u2019Allianz Riviera, et non sur la Promenade&hellip;\n","protected":false},"author":2,"featured_media":606760,"comment_status":"","ping_status":"","sticky":false,"template":"","format":"standard","meta":{"footnotes":""},"categories":[2819],"tags":[5734,328,1111,11,1777,674,1011,27,12,2401,24772,882,25],"class_list":{"0":"post-606759","1":"post","2":"type-post","3":"status-publish","4":"format-standard","5":"has-post-thumbnail","7":"category-nice","8":"tag-5734","9":"tag-a-la-une","10":"tag-actu","11":"tag-actualites","12":"tag-eu","13":"tag-europe","14":"tag-fr","15":"tag-france","16":"tag-news","17":"tag-nice","18":"tag-paris-nice","19":"tag-provence-alpes-cote-dazur","20":"tag-republique-francaise"},"share_on_mastodon":{"url":"https:\/\/pubeurope.com\/@fr\/115738843774137421","error":""},"_links":{"self":[{"href":"https:\/\/www.europesays.com\/fr\/wp-json\/wp\/v2\/posts\/606759","targetHints":{"allow":["GET"]}}],"collection":[{"href":"https:\/\/www.europesays.com\/fr\/wp-json\/wp\/v2\/posts"}],"about":[{"href":"https:\/\/www.europesays.com\/fr\/wp-json\/wp\/v2\/types\/post"}],"author":[{"embeddable":true,"href":"https:\/\/www.europesays.com\/fr\/wp-json\/wp\/v2\/users\/2"}],"replies":[{"embeddable":true,"href":"https:\/\/www.europesays.com\/fr\/wp-json\/wp\/v2\/comments?post=606759"}],"version-history":[{"count":0,"href":"https:\/\/www.europesays.com\/fr\/wp-json\/wp\/v2\/posts\/606759\/revisions"}],"wp:featuredmedia":[{"embeddable":true,"href":"https:\/\/www.europesays.com\/fr\/wp-json\/wp\/v2\/media\/606760"}],"wp:attachment":[{"href":"https:\/\/www.europesays.com\/fr\/wp-json\/wp\/v2\/media?parent=606759"}],"wp:term":[{"taxonomy":"category","embeddable":true,"href":"https:\/\/www.europesays.com\/fr\/wp-json\/wp\/v2\/categories?post=606759"},{"taxonomy":"post_tag","embeddable":true,"href":"https:\/\/www.europesays.com\/fr\/wp-json\/wp\/v2\/tags?post=606759"}],"curies":[{"name":"wp","href":"https:\/\/api.w.org\/{rel}","templated":true}]}}