{"id":606769,"date":"2025-12-18T05:14:11","date_gmt":"2025-12-18T05:14:11","guid":{"rendered":"https:\/\/www.europesays.com\/fr\/606769\/"},"modified":"2025-12-18T05:14:11","modified_gmt":"2025-12-18T05:14:11","slug":"de-nombreux-blocages-autour-de-toulouse-la-situation-ce-jeudi","status":"publish","type":"post","link":"https:\/\/www.europesays.com\/fr\/606769\/","title":{"rendered":"de nombreux blocages autour de Toulouse, la situation ce jeudi"},"content":{"rendered":"<p>                    Par<br \/>\n        <strong><br \/>\n            <a href=\"https:\/\/actu.fr\/auteur\/guillaume-laurens\" title=\"Consulter tous les articles de Guillaume Laurens\" target=\"_blank\" rel=\"noopener\">Guillaume Laurens<\/a><br \/>\n                    <\/strong><\/p>\n<p>        Publi\u00e9 le<\/p>\n<p>            18 d\u00e9c. 2025 \u00e0 5h04        <\/p>\n<p>Tenir le cap. C\u2019est le mot d\u2019ordre des <strong>agriculteurs en col\u00e8re<\/strong>, <a href=\"https:\/\/actu.fr\/occitanie\/toulouse_31555\/direct-toulouse-encerclee-par-les-blocages-les-agriculteurs-mettent-la-pression-sur-la-capitale-d-occitanie_63585703.html\" target=\"_blank\" rel=\"noopener\">qui ont install\u00e9 de nouveaux points de blocage mercredi,<\/a> et entendent encore se mobiliser ce jeudi 18 d\u00e9cembre 2025 dans l\u2019agglom\u00e9ration de <strong>Toulouse<\/strong> et en <strong>Haute-Garonne<\/strong>, \u00e9picentre de la fronde paysanne face au <strong>protocole sanitaire<\/strong> du gouvernement sur la <a href=\"https:\/\/actu.fr\/tag\/dermatose-nodulaire\" target=\"_blank\" rel=\"noopener\">Dermatose nodulaire contagieuse (DNC),<\/a> qui se traduit notamment par un abattage de l\u2019ensemble des troupeaux au premier cas infect\u00e9.<\/p>\n<p class=\" wall-content\">Quasiment une semaine apr\u00e8s le d\u00e9but des actions, de nombreuses <strong>routes<\/strong> et <strong>autoroutes<\/strong> restent <strong>bloqu\u00e9es<\/strong> autour de la Ville rose ce jeudi. Suivez la situation en direct.<\/p>\n<p>5h30. Les agriculteurs sur le p\u00e9riph\u2019 ce jeudi ?<\/p>\n<p class=\" wall-content\"><a href=\"https:\/\/actu.fr\/occitanie\/toulouse_31555\/blocages-demain-on-est-sur-le-periph-de-toulouse-ce-qu-annoncent-les-agriculteurs-pour-ce-jeudi_63592434.html\" target=\"_blank\" rel=\"noopener\">L\u2019annonce date de mercredi soir<\/a>. <strong>Les agriculteurs envisagent de converger vers Toulouse<\/strong> et de se rendre sur le p\u00e9riph\u00e9rique ce jeudi matin, \u00e0 partir de 9h.<\/p>\n<p class=\" wall-content\"><strong>Luc Mesbah<\/strong>, secr\u00e9taire g\u00e9n\u00e9ral de la FDSEA 31, d\u00e9taillait ce mercredi soir : \u00ab on est revenus avec les tracteurs sur les points forts autour de Toulouse : \u00e0 Capens [pr\u00e8s de l\u2019A64, NDLR], \u00e0 Auterive\u2026 On va converger vers Toulouse pour mettre la pression sur l\u2019Etat \u00bb.<\/p>\n<p class=\" wall-content\">Le mouvement pourrait \u00eatre rejoint par les agriculteurs au nord de la Ville rose.<\/p>\n<p>Vid\u00e9os : en ce moment sur Actu5h20. Les axes majeurs encore coup\u00e9s mercredi soir<\/p>\n<p class=\" wall-content\">Autour de Toulouse, et plus globalement en Haute-Garonne, plusieurs points de blocage \u00e9taient toujours actifs ce mercredi soir :<\/p>\n<ul class=\" wall-content\">\n<li><strong>coupures de l\u2019autoroute A64 dans les deux sens<\/strong> : entre Toulouse et Bayonne, interdiction de circuler pour les poids lourds de plus de 7,5T ; oupure de l\u2019A64 entre les \u00e9changeurs de Briscous (n\u00b03) et de Montr\u00e9jeau (n\u00b017) dans les deux sens ;<\/li>\n<li><strong>coupure de la bretelle A645 en direction de l\u2019Espagne<\/strong> : sortie obligatoire et entr\u00e9es interdites \u00e0 la D 817 (n\u00b02) en direction de l\u2019Espagne ; entr\u00e9e interdite \u00e0 Croix du Bazert (n\u00b01) en direction de Toulouse et Bayonne ;<\/li>\n<li><strong>coupure de l\u2019autoroute A61 entre Villefranche-de-Lauragais et Carcassonne<\/strong> dans les deux sens : coupure de l\u2019A61 entre Carcassonne ouest (n\u00b023) et Villefranche-de-Lauragais (n\u00b020) dans les deux sens ; entr\u00e9e interdite \u00e0 Castelnaudary (n\u00b021) dans les deux sens.<\/li>\n<\/ul>\n<p>Votre r\u00e9gion, votre actu !<\/p>\n<p>Recevez chaque jour les infos qui comptent pour vous.<\/p>\n<p>\t<a href=\"https:\/\/actu.fr\/newsletter\" class=\"ac-btn ac-btn--corner ac-btn--medium ac-btn--blue800\" target=\"_blank\" rel=\"noopener\">S&rsquo;incrire<\/a><br \/>\n5h00. Bonjour \u00e0 tous !<\/p>\n<p class=\" wall-content\">Bienvenue dans ce direct pour suivre cette nouvelle journ\u00e9e de mobilisation des agriculteurs. Notre \u00e9quipe vous informera des \u00e9volutions de la situation en temps r\u00e9el dans le d\u00e9partement.<\/p>\n<p class=\" wall-content\">Personnalisez votre actualit\u00e9 en ajoutant vos villes et m\u00e9dias en favori avec <a href=\"https:\/\/moncompte.actu.fr\" title=\"D\u00e9couvez Mon Actu\" rel=\"nofollow noopener\" data-trk=\"{&quot;cta&quot;:{&quot;action&quot;:&quot;https:\\\/\\\/moncompte.actu.fr&quot;,&quot;category&quot;:&quot;mon compte&quot;,&quot;from&quot;:&quot;article footer&quot;,&quot;name&quot;:&quot;Mon actu&quot;,&quot;type&quot;:&quot;cta&quot;}}\" target=\"_blank\">Mon Actu<\/a>.<\/p>\n","protected":false},"excerpt":{"rendered":"Par Guillaume Laurens Publi\u00e9 le 18 d\u00e9c. 2025 \u00e0 5h04 Tenir le cap. C\u2019est le mot d\u2019ordre des&hellip;\n","protected":false},"author":2,"featured_media":606770,"comment_status":"","ping_status":"","sticky":false,"template":"","format":"standard","meta":{"footnotes":""},"categories":[2816],"tags":[1111,11,327,70814,1777,674,1011,27,1272,12,2680,25,104,2312],"class_list":{"0":"post-606769","1":"post","2":"type-post","3":"status-publish","4":"format-standard","5":"has-post-thumbnail","7":"category-toulouse","8":"tag-actu","9":"tag-actualites","10":"tag-agriculture","11":"tag-dermatose-nodulaire","12":"tag-eu","13":"tag-europe","14":"tag-fr","15":"tag-france","16":"tag-manifestations","17":"tag-news","18":"tag-occitanie","19":"tag-republique-francaise","20":"tag-societe","21":"tag-toulouse"},"share_on_mastodon":{"url":"https:\/\/pubeurope.com\/@fr\/115738868238800599","error":""},"_links":{"self":[{"href":"https:\/\/www.europesays.com\/fr\/wp-json\/wp\/v2\/posts\/606769","targetHints":{"allow":["GET"]}}],"collection":[{"href":"https:\/\/www.europesays.com\/fr\/wp-json\/wp\/v2\/posts"}],"about":[{"href":"https:\/\/www.europesays.com\/fr\/wp-json\/wp\/v2\/types\/post"}],"author":[{"embeddable":true,"href":"https:\/\/www.europesays.com\/fr\/wp-json\/wp\/v2\/users\/2"}],"replies":[{"embeddable":true,"href":"https:\/\/www.europesays.com\/fr\/wp-json\/wp\/v2\/comments?post=606769"}],"version-history":[{"count":0,"href":"https:\/\/www.europesays.com\/fr\/wp-json\/wp\/v2\/posts\/606769\/revisions"}],"wp:featuredmedia":[{"embeddable":true,"href":"https:\/\/www.europesays.com\/fr\/wp-json\/wp\/v2\/media\/606770"}],"wp:attachment":[{"href":"https:\/\/www.europesays.com\/fr\/wp-json\/wp\/v2\/media?parent=606769"}],"wp:term":[{"taxonomy":"category","embeddable":true,"href":"https:\/\/www.europesays.com\/fr\/wp-json\/wp\/v2\/categories?post=606769"},{"taxonomy":"post_tag","embeddable":true,"href":"https:\/\/www.europesays.com\/fr\/wp-json\/wp\/v2\/tags?post=606769"}],"curies":[{"name":"wp","href":"https:\/\/api.w.org\/{rel}","templated":true}]}}