{"id":60677,"date":"2025-04-29T01:56:17","date_gmt":"2025-04-29T01:56:17","guid":{"rendered":"https:\/\/www.europesays.com\/fr\/60677\/"},"modified":"2025-04-29T01:56:17","modified_gmt":"2025-04-29T01:56:17","slug":"pres-de-lyon-ce-restaurant-de-tacos-connu-ferme-pour-une-autre-raison-que-lhygiene","status":"publish","type":"post","link":"https:\/\/www.europesays.com\/fr\/60677\/","title":{"rendered":"Pr\u00e8s de Lyon. Ce restaurant de tacos connu ferme pour une autre raison que l&rsquo;hygi\u00e8ne"},"content":{"rendered":"<p>            Par<br \/>\n        <strong><br \/>\n            <a href=\"https:\/\/actu.fr\/auteur\/julien-damboise\" title=\"Consulter tous les articles de Julien Damboise\" target=\"_blank\" rel=\"noopener\">Julien Damboise<\/a><br \/>\n        <\/strong><\/p>\n<p>        Publi\u00e9 le<\/p>\n<p>            28 avr. 2025 \u00e0 17h32        <\/p>\n<p>Un contr\u00f4le au sein du restaurant <strong>Hamamet Tacos<\/strong>, \u00e0 <a href=\"https:\/\/actu.fr\/auvergne-rhone-alpes\/villeurbanne_69266\" target=\"_blank\" rel=\"noopener\">Villeurbanne<\/a> pr\u00e8s de <a href=\"https:\/\/actu.fr\/auvergne-rhone-alpes\/lyon_69123\" target=\"_blank\" rel=\"noopener\">Lyon<\/a>, a fait mouche r\u00e9cemment.<\/p>\n<p class=\" wall-content\">Mais cette fois, ce n\u2019est pas un manque d\u2019hygi\u00e8ne qui a \u00e9t\u00e9 trouv\u00e9 par la Direction D\u00e9partementale de la Protection des Populations (DDPP), mais la pr\u00e9sence d\u2019un<strong> travailleur clandestin<\/strong>.<\/p>\n<p class=\" wall-content\">Et la d\u00e9cision a \u00e9t\u00e9 <strong>radicale<\/strong> contre le commerce de la rue Jubin.<\/p>\n<p>    <a href=\"https:\/\/www.google.com\/maps\/embed?pb=!1m18!1m12!1m3!1d23546.851836651385!2d4.833571434048774!3d45.75386559138195!2m3!1f0!2f0!3f0!3m2!1i1024!2i768!4f13.1!3m3!1m2!1s0x47f4ea84b8e6360b%3A0xc2aaea1078d9bb13!2sHamamet%20Tacos!5e1!3m2!1sfr!2sfr!4v1745852338778!5m2!1sfr!2sfr\" title=\"Ouvrie le lien\" target=\"_blank\" rel=\"noopener\">Cliquez ici pour visualiser le contenu<\/a><\/p>\n<p>Un employ\u00e9 sans papiers<\/p>\n<p class=\" wall-content\">Les agents qui sont all\u00e9s contr\u00f4ler le restaurant, situ\u00e9 pr\u00e8s du Cours \u00c9mile Zola et de l\u2019arr\u00eat de m\u00e9tro <a href=\"https:\/\/actu.fr\/tag\/transports-en-commun-lyonnais-tcl\" target=\"_blank\" rel=\"noopener\">TCL<\/a> Charpennes, n\u2019ont pas \u00e9t\u00e9 d\u00e9\u00e7us en d\u00e9cembre dernier. Des policiers de l\u2019<a href=\"https:\/\/actu.fr\/auvergne-rhone-alpes\/craponne_69069\/cette-boucherie-fermee-par-la-prefecture-le-gerant-deja-epingle-a-lyon_61571252.html\" target=\"_blank\" rel=\"noopener\">Office de Lutte contre le Trafic de Migrants<\/a> ont en effet constat\u00e9 la pr\u00e9sence d\u2019un travailleur \u00e9tranger sans autorisation de travail sur le territoire.<\/p>\n<p class=\" wall-content\">Un <strong>Tunisien<\/strong> vu \u00ab\u00a0en position de travail dans la cuisine de l\u2019\u00e9tablissement\u00a0\u00bb, qui se trouvait aussi en situation irr\u00e9guli\u00e8re sur le territoire, en possession de <strong>faux documents<\/strong> administratifs.<\/p>\n<p>Vid\u00e9os : en ce moment sur ActuFermeture administrative<\/p>\n<p class=\" wall-content\">Face \u00e0 ce manquement grave, la pr\u00e9fecture du Rh\u00f4ne a d\u00e9cid\u00e9 de <strong>fermer durant quinze jours<\/strong> l\u2019\u00e9tablissement, depuis le 16 avril dernier. Sur sa page <a href=\"https:\/\/actu.fr\/tag\/google\" target=\"_blank\" rel=\"noopener\">Google<\/a>, ce changement brutal a d\u00e9j\u00e0 \u00e9t\u00e9 annonc\u00e9 par le restaurant aux internautes, en \u00e9voquant une \u00ab\u00a0fermeture temporaire\u00a0\u00bb.<\/p>\n<p class=\" wall-content\">\n<p class=\" wall-content\">Les g\u00e9rants d\u2019Hamamet Tacos \u00e9taient injoignables ce lundi apr\u00e8s-midi, malgr\u00e9 les tentatives d\u2019actu Lyon.<\/p>\n<p class=\" wall-content\">Suivez toute l\u2019actualit\u00e9 de vos villes et m\u00e9dias favoris en vous inscrivant \u00e0 <a href=\"https:\/\/moncompte.actu.fr\" title=\"D\u00e9couvez Mon Actu\" rel=\"nofollow noopener\" data-trk=\"{&quot;cta&quot;:{&quot;action&quot;:&quot;https:\\\/\\\/moncompte.actu.fr&quot;,&quot;category&quot;:&quot;mon compte&quot;,&quot;from&quot;:&quot;article footer&quot;,&quot;name&quot;:&quot;Mon actu&quot;,&quot;type&quot;:&quot;cta&quot;}}\" target=\"_blank\">Mon Actu<\/a>.<\/p>\n","protected":false},"excerpt":{"rendered":"Par Julien Damboise Publi\u00e9 le 28 avr. 2025 \u00e0 17h32 Un contr\u00f4le au sein du restaurant Hamamet Tacos,&hellip;\n","protected":false},"author":2,"featured_media":60678,"comment_status":"","ping_status":"","sticky":false,"template":"","format":"standard","meta":{"footnotes":""},"categories":[1889],"tags":[1111,11,2430,15787,1777,674,1011,27,1661,2428,12,25,1340,104],"class_list":{"0":"post-60677","1":"post","2":"type-post","3":"status-publish","4":"format-standard","5":"has-post-thumbnail","7":"category-lyon","8":"tag-actu","9":"tag-actualites","10":"tag-auvergne-rhone-alpes","11":"tag-droit-des-travailleurs","12":"tag-eu","13":"tag-europe","14":"tag-fr","15":"tag-france","16":"tag-gastronomie","17":"tag-lyon","18":"tag-news","19":"tag-republique-francaise","20":"tag-restaurant","21":"tag-societe"},"share_on_mastodon":{"url":"https:\/\/pubeurope.com\/@fr\/114418770582118703","error":""},"_links":{"self":[{"href":"https:\/\/www.europesays.com\/fr\/wp-json\/wp\/v2\/posts\/60677","targetHints":{"allow":["GET"]}}],"collection":[{"href":"https:\/\/www.europesays.com\/fr\/wp-json\/wp\/v2\/posts"}],"about":[{"href":"https:\/\/www.europesays.com\/fr\/wp-json\/wp\/v2\/types\/post"}],"author":[{"embeddable":true,"href":"https:\/\/www.europesays.com\/fr\/wp-json\/wp\/v2\/users\/2"}],"replies":[{"embeddable":true,"href":"https:\/\/www.europesays.com\/fr\/wp-json\/wp\/v2\/comments?post=60677"}],"version-history":[{"count":0,"href":"https:\/\/www.europesays.com\/fr\/wp-json\/wp\/v2\/posts\/60677\/revisions"}],"wp:featuredmedia":[{"embeddable":true,"href":"https:\/\/www.europesays.com\/fr\/wp-json\/wp\/v2\/media\/60678"}],"wp:attachment":[{"href":"https:\/\/www.europesays.com\/fr\/wp-json\/wp\/v2\/media?parent=60677"}],"wp:term":[{"taxonomy":"category","embeddable":true,"href":"https:\/\/www.europesays.com\/fr\/wp-json\/wp\/v2\/categories?post=60677"},{"taxonomy":"post_tag","embeddable":true,"href":"https:\/\/www.europesays.com\/fr\/wp-json\/wp\/v2\/tags?post=60677"}],"curies":[{"name":"wp","href":"https:\/\/api.w.org\/{rel}","templated":true}]}}