{"id":606774,"date":"2025-12-18T05:18:11","date_gmt":"2025-12-18T05:18:11","guid":{"rendered":"https:\/\/www.europesays.com\/fr\/606774\/"},"modified":"2025-12-18T05:18:11","modified_gmt":"2025-12-18T05:18:11","slug":"a-marseille-une-creche-chretienne-dans-une-creche-municipale","status":"publish","type":"post","link":"https:\/\/www.europesays.com\/fr\/606774\/","title":{"rendered":"\u00c0 Marseille, une cr\u00e8che chr\u00e9tienne dans une cr\u00e8che municipale"},"content":{"rendered":"<p>\t    \u00c0 Marseille, une cr\u00e8che chr\u00e9tienne dans une cr\u00e8che municipale &#8211; Marsactu<\/p>\n<p>&#13;<br \/>\n\t\t&#13;<\/p>\n<p>Nous utilisons des cookies pour vous garantir la meilleure exp\u00e9rience sur notre site. Vous pouvez choisir de refuser les cookies.J&rsquo;accepteNonEn savoir plus<\/p>\n<p>\t\t&#13;<\/p>\n","protected":false},"excerpt":{"rendered":"\u00c0 Marseille, une cr\u00e8che chr\u00e9tienne dans une cr\u00e8che municipale &#8211; Marsactu &#13; &#13; Nous utilisons des cookies pour&hellip;\n","protected":false},"author":2,"featured_media":606775,"comment_status":"","ping_status":"","sticky":false,"template":"","format":"standard","meta":{"footnotes":""},"categories":[2814],"tags":[1111,11,71818,71819,1777,674,1011,27,884,12,882,25,11337,4772],"class_list":{"0":"post-606774","1":"post","2":"type-post","3":"status-publish","4":"format-standard","5":"has-post-thumbnail","7":"category-marseille","8":"tag-actu","9":"tag-actualites","10":"tag-crechedenoel","11":"tag-crechesmunicipales","12":"tag-eu","13":"tag-europe","14":"tag-fr","15":"tag-france","16":"tag-marseille","17":"tag-news","18":"tag-provence-alpes-cote-dazur","19":"tag-republique-francaise","20":"tag-villedemarseille","21":"tag-zalu"},"share_on_mastodon":{"url":"https:\/\/pubeurope.com\/@fr\/115738883090429165","error":""},"_links":{"self":[{"href":"https:\/\/www.europesays.com\/fr\/wp-json\/wp\/v2\/posts\/606774","targetHints":{"allow":["GET"]}}],"collection":[{"href":"https:\/\/www.europesays.com\/fr\/wp-json\/wp\/v2\/posts"}],"about":[{"href":"https:\/\/www.europesays.com\/fr\/wp-json\/wp\/v2\/types\/post"}],"author":[{"embeddable":true,"href":"https:\/\/www.europesays.com\/fr\/wp-json\/wp\/v2\/users\/2"}],"replies":[{"embeddable":true,"href":"https:\/\/www.europesays.com\/fr\/wp-json\/wp\/v2\/comments?post=606774"}],"version-history":[{"count":0,"href":"https:\/\/www.europesays.com\/fr\/wp-json\/wp\/v2\/posts\/606774\/revisions"}],"wp:featuredmedia":[{"embeddable":true,"href":"https:\/\/www.europesays.com\/fr\/wp-json\/wp\/v2\/media\/606775"}],"wp:attachment":[{"href":"https:\/\/www.europesays.com\/fr\/wp-json\/wp\/v2\/media?parent=606774"}],"wp:term":[{"taxonomy":"category","embeddable":true,"href":"https:\/\/www.europesays.com\/fr\/wp-json\/wp\/v2\/categories?post=606774"},{"taxonomy":"post_tag","embeddable":true,"href":"https:\/\/www.europesays.com\/fr\/wp-json\/wp\/v2\/tags?post=606774"}],"curies":[{"name":"wp","href":"https:\/\/api.w.org\/{rel}","templated":true}]}}