{"id":606778,"date":"2025-12-18T05:20:12","date_gmt":"2025-12-18T05:20:12","guid":{"rendered":"https:\/\/www.europesays.com\/fr\/606778\/"},"modified":"2025-12-18T05:20:12","modified_gmt":"2025-12-18T05:20:12","slug":"ce-que-prevoient-les-agriculteurs-ce-jeudi-a-lyon","status":"publish","type":"post","link":"https:\/\/www.europesays.com\/fr\/606778\/","title":{"rendered":"ce que pr\u00e9voient les agriculteurs ce jeudi \u00e0 Lyon"},"content":{"rendered":"<p>\u00ab\u00a0Nos vaches, nos vies\u00a0\u00bb, dit le tract de la Conf\u2019. La strat\u00e9gie sanitaire de l\u2019\u00c9tat, bas\u00e9e sur l\u2019abattage de tout le troupeau sit\u00f4t qu\u2019une b\u00eate est malade, ne passe plus. Manifs et blocages de p\u00e9ages se sont multipli\u00e9s ces derniers jours. D\u2019autres sont \u00e0 venir. Comme \u00e0 Lyon ce jeudi, o\u00f9 la Conf\u00e9d\u00e9ration paysanne r\u00e9gionale portera l\u2019opposition avec un rassemblement place Jean-Mac\u00e9 \u00e0 partir de midi.<\/p>\n<p>  Contre un accord entre l\u2019UE et le Mercosur<\/p>\n<p>Le syndicat paysan qui ne manifeste pas souvent \u00e0 Lyon, sera seul, en effet, pour d\u00e9noncer la gestion de la crise li\u00e9e \u00e0 la dermatose nodulaire contagieuse (DNC). M\u00eame si la Coordination rurale est sur la m\u00eame ligne sur ce sujet, choix n\u2019a pas \u00e9t\u00e9 fait de s\u2019associer comme on a pu le voir ailleurs. La Coordination appelle, par exemple, \u00e0 bloquer le p\u00e9age d\u2019Allonzier-la-Caille en Haute-Savoie.<\/p>\n<p>\u00c0 Lyon, c\u2019est une marche \u00ab\u00a0paysanne et citoyenne\u00a0\u00bb qu\u2019a pr\u00e9vue le syndicat au drapeau jaune, avec l\u2019intention d\u2019approcher les abords de la pr\u00e9fecture. La d\u00e9termination de ces hommes de la terre sera d\u2019autant plus forte, qu\u2019au m\u00eame moment se tiendra \u00e0 Bruxelles, un conseil des ministres europ\u00e9ens de l\u2019agriculture. Avec possiblement, cette fin de semaine, la signature d\u2019un trait\u00e9 de libre-\u00e9change entre L\u2019UE et le Mercosur. Raison suppl\u00e9mentaire \u00e0 la col\u00e8re.<\/p>\n<p class=\"note\">Rassemblement jeudi 18\u00a0d\u00e9cembre \u00e0 midi, place Jean-Mac\u00e9. Puis, marche \u00ab\u00a0citoyenne et paysanne\u00a0\u00bb, jusqu\u2019au quai Augagneur au niveau de la pr\u00e9fecture.<\/p>\n","protected":false},"excerpt":{"rendered":"\u00ab\u00a0Nos vaches, nos vies\u00a0\u00bb, dit le tract de la Conf\u2019. La strat\u00e9gie sanitaire de l\u2019\u00c9tat, bas\u00e9e sur l\u2019abattage&hellip;\n","protected":false},"author":2,"featured_media":606779,"comment_status":"","ping_status":"","sticky":false,"template":"","format":"standard","meta":{"footnotes":""},"categories":[1889],"tags":[1111,11,327,2430,9671,33,2757,1777,674,107,1011,27,2428,2756,12,25,2429,801],"class_list":{"0":"post-606778","1":"post","2":"type-post","3":"status-publish","4":"format-standard","5":"has-post-thumbnail","7":"category-lyon","8":"tag-actu","9":"tag-actualites","10":"tag-agriculture","11":"tag-auvergne-rhone-alpes","12":"tag-conflit-social","13":"tag-economie","14":"tag-edition-lyon-villeurbanne","15":"tag-eu","16":"tag-europe","17":"tag-fil-info","18":"tag-fr","19":"tag-france","20":"tag-lyon","21":"tag-lyon-bassin","22":"tag-news","23":"tag-republique-francaise","24":"tag-rhone","25":"tag-social"},"share_on_mastodon":{"url":"https:\/\/pubeurope.com\/@fr\/115738890983170405","error":""},"_links":{"self":[{"href":"https:\/\/www.europesays.com\/fr\/wp-json\/wp\/v2\/posts\/606778","targetHints":{"allow":["GET"]}}],"collection":[{"href":"https:\/\/www.europesays.com\/fr\/wp-json\/wp\/v2\/posts"}],"about":[{"href":"https:\/\/www.europesays.com\/fr\/wp-json\/wp\/v2\/types\/post"}],"author":[{"embeddable":true,"href":"https:\/\/www.europesays.com\/fr\/wp-json\/wp\/v2\/users\/2"}],"replies":[{"embeddable":true,"href":"https:\/\/www.europesays.com\/fr\/wp-json\/wp\/v2\/comments?post=606778"}],"version-history":[{"count":0,"href":"https:\/\/www.europesays.com\/fr\/wp-json\/wp\/v2\/posts\/606778\/revisions"}],"wp:featuredmedia":[{"embeddable":true,"href":"https:\/\/www.europesays.com\/fr\/wp-json\/wp\/v2\/media\/606779"}],"wp:attachment":[{"href":"https:\/\/www.europesays.com\/fr\/wp-json\/wp\/v2\/media?parent=606778"}],"wp:term":[{"taxonomy":"category","embeddable":true,"href":"https:\/\/www.europesays.com\/fr\/wp-json\/wp\/v2\/categories?post=606778"},{"taxonomy":"post_tag","embeddable":true,"href":"https:\/\/www.europesays.com\/fr\/wp-json\/wp\/v2\/tags?post=606778"}],"curies":[{"name":"wp","href":"https:\/\/api.w.org\/{rel}","templated":true}]}}