{"id":606790,"date":"2025-12-18T05:27:17","date_gmt":"2025-12-18T05:27:17","guid":{"rendered":"https:\/\/www.europesays.com\/fr\/606790\/"},"modified":"2025-12-18T05:27:17","modified_gmt":"2025-12-18T05:27:17","slug":"sarah-knafo-tentee-doccuper-lespace-que-le-rn-lui-a-laisse-liberation","status":"publish","type":"post","link":"https:\/\/www.europesays.com\/fr\/606790\/","title":{"rendered":"Sarah Knafo tent\u00e9e d\u2019occuper l\u2019espace que le RN lui a laiss\u00e9 \u2013 Lib\u00e9ration"},"content":{"rendered":"<p class=\"sc-cPiKLX AiZTS text-element\">Sa d\u00e9cision est prise mais il est encore trop t\u00f4t pour le dire. C\u2019est ce qui transpire du vrai-faux suspense entretenu par Sarah Knafo sur sa possible candidature \u00e0 la mairie de Paris. <a href=\"https:\/\/www.liberation.fr\/politique\/sarah-knafo-leminence-grisee-deric-zemmour-20211102_3BJ2SAYV2FHA5EPMKWRU6ID5VY\/\" target=\"_blank\" rel=\"noopener\" title=\"https:\/\/www.liberation.fr\/politique\/sarah-knafo-leminence-grisee-deric-zemmour-20211102_3BJ2SAYV2FHA5EPMKWRU6ID5VY\/\">A l\u2019instar de son compagnon<\/a>, Eric Zemmour, qui avait tra\u00een\u00e9 avant de rentrer officiellement dans la course \u00e0 la pr\u00e9sidentielle en 2022, l\u2019unique eurod\u00e9put\u00e9e du parti d\u2019extr\u00eame droite Reconqu\u00eate prend son temps pour se d\u00e9clarer. \u00abElle prendra sa d\u00e9cision d\u00e9finitive avant No\u00ebl mais c\u2019est plut\u00f4t une inclination, oui\u00bb, minaude son entourage. \u00abJe regarde avec attention ce qu\u2019il se passe dans la capitale de mon pays, je lirai les programmes, je verrai si les Parisiens ont les candidats qu\u2019ils m\u00e9ritent et je d\u00e9ciderai. Je me laisse jusqu\u2019\u00e0 la rentr\u00e9e\u00bb, \u00e9lude l\u2019int\u00e9ress\u00e9e.<\/p>\n<p class=\"sc-cPiKLX AiZTS text-element\">Alors que Rachida Dati pour la droite et Thierry Mariani pour le Rassemblement national sont d\u00e9j\u00e0 en campagne, les \u00e9tats-majors parisiens guettent les signes de sa d\u00e9claration de candidature. L\u2019eurod\u00e9put\u00e9e doit rencontrer des militants \u00e0 Paris, ce jeudi : de quoi faire enfler la rumeur, que Sarah Knafo laisse courir. \u00abOn surveille \u00e7a de tr\u00e8s pr\u00e8s car elle peut faire tr\u00e8s mal \u00e0 Dati, admet-on dans l\u2019entourage d\u2019Emmanuel Gr\u00e9goire, le candidat socialiste. Elle peut monter au-dessus de 10 % dans les sondages en janvier, siphonner le RN et devenir un vrai probl\u00e8me pour la droite\u00bb. Cr\u00e9dit\u00e9e de 7 % d\u2019intentions de vote selon certains instituts, elle pourrait surtout affaiblir la droite dans l\u2019ouest de la capitale. \u00abElle entretient ses r\u00e9seaux et d\u00e9marche dans le XVIe et le XVIIe arrondissement\u00bb, affirme un bon connaisseur de l\u2019\u00e9cosyst\u00e8me parisien. Dans ces arrondissements bourgeois, o\u00f9 le RN n\u2019a jamais r\u00e9ussi \u00e0 \u00e9clore, Zemmour avait perc\u00e9, avec respectivement 17,48 % et 10,89 % des voix \u00e0 la derni\u00e8re pr\u00e9sidentielle.<\/p>\n<p>Secret de polichinelle<\/p>\n<p class=\"sc-cPiKLX AiZTS text-element\">Enfant ch\u00e9rie de Vincent Bollor\u00e9, Knafo jouit d\u2019une couverture m\u00e9diatique sans commune mesure avec son poids politique. Au point de faire deux fois en deux mois la une du JDNews, suscitant jalousies et grincements de dents de ses petits camarades d\u2019extr\u00eame droite : Jordan Bardella n\u2019a pas franchement appr\u00e9ci\u00e9 de se faire voler la couverture de l\u2019hebdomadaire bollor\u00e9en le jour m\u00eame du lancement de son second livre. Selon une source du groupe, le milliardaire en pincerait bien plus pour l\u2019ultralib\u00e9rale Knafo que pour <a href=\"https:\/\/www.liberation.fr\/politique\/elections\/controle-de-son-image-relations-tendues-avec-marine-le-pen-enquete-sous-le-vernis-bardella-20251212_BEZEJ362IZDGXJPPBPQLGT3ZHI\/\" target=\"_blank\" rel=\"noreferrer noopener\" title=\"https:\/\/www.liberation.fr\/politique\/elections\/controle-de-son-image-relations-tendues-avec-marine-le-pen-enquete-sous-le-vernis-bardella-20251212_BEZEJ362IZDGXJPPBPQLGT3ZHI\/\">le besogneux dauphin de Le Pen<\/a>. D\u2019autant que l\u2019eurod\u00e9put\u00e9e fait vendre : le pantagru\u00e9lique hors s\u00e9rie de 68 pages que lui a consacr\u00e9 Valeurs actuelles (propri\u00e9t\u00e9 notamment de <a href=\"https:\/\/www.liberation.fr\/tags\/pierre-edouard-sterin\/\" target=\"_blank\" rel=\"noreferrer noopener\" title=\"https:\/\/www.liberation.fr\/tags\/pierre-edouard-sterin\/\">Pierre-Edouard St\u00e9rin<\/a>, autre milliardaire d\u2019extr\u00eame droite), s\u2019est \u00e9coul\u00e9 \u00e0 pr\u00e8s de 14 000 exemplaires, la meilleure vente hors s\u00e9rie depuis 2023\u2026<\/p>\n<p class=\"sc-cPiKLX AiZTS text-element\">Si la jeune femme h\u00e9site encore, le tr\u00e8s terne <a href=\"https:\/\/www.liberation.fr\/politique\/elections\/legislative-partielle-a-paris-le-rn-thierry-mariani-en-lice-face-a-rachida-dati-et-michel-barnier-20250717_W77AFDY2BVFQVJGJQN56T46CU4\/\" target=\"_blank\" rel=\"noreferrer noopener\" title=\"https:\/\/www.liberation.fr\/politique\/elections\/legislative-partielle-a-paris-le-rn-thierry-mariani-en-lice-face-a-rachida-dati-et-michel-barnier-20250717_W77AFDY2BVFQVJGJQN56T46CU4\/\">lancement de campagne de Thierry Mariani<\/a>, la semaine derni\u00e8re, pourrait l\u2019avoir convaincue de se lancer. Voil\u00e0 des mois que l\u2019eurod\u00e9put\u00e9 frontiste, qui pr\u00e9f\u00e8re notoirement passer son temps libre <a href=\"https:\/\/www.liberation.fr\/politique\/thierry-mariani-tres-amical-observateur-des-elections-a-letranger-20210702_TWBQAKXZJVBR5BXOI4UH462BWM\/\" target=\"_blank\" rel=\"noopener\" title=\"https:\/\/www.liberation.fr\/politique\/thierry-mariani-tres-amical-observateur-des-elections-a-letranger-20210702_TWBQAKXZJVBR5BXOI4UH462BWM\/\">dans les anciennes r\u00e9publiques sovi\u00e9tiques<\/a> qu\u2019\u00e0 tracter sur les march\u00e9s parisiens, s\u2019use les semelles \u00e0 tra\u00eener des pieds. C\u2019est un secret de polichinelle au sein du RN : en d\u00e9but d\u2019ann\u00e9e, Marion Mar\u00e9chal est all\u00e9e voir, sondages prometteurs en main, sa tante et Jordan Bardella, pour leur faire une offre claire de service. La r\u00e9ponse des deux aurait oscill\u00e9 entre le scepticisme et la franche hostilit\u00e9. Tandis que Mariani, lui, r\u00e9p\u00e9tait \u00e0 qui voulait l\u2019entendre qu\u2019il serait ravi, mais ravi de laisser sa place. \u00abBardella pr\u00e9f\u00e8re le sacrifier que laisser un espace \u00e0 Marion\u00bb, s\u2019effare un cadre d\u2019extr\u00eame droite.<\/p>\n<p>D\u00e9barrass\u00e9e<\/p>\n<p class=\"sc-cPiKLX AiZTS text-element\">De fait, le profil plus bourgeois de Mar\u00e9chal correspond mieux \u00e0 l\u2019Ouest parisien que celui de Mariani, ancienne t\u00eate de liste RN en Paca en 2021. Le RN ne peut l\u2019ignorer, lui qui avait pr\u00e9sent\u00e9 un ancien sarkozyste sous banni\u00e8re ciottiste, Arnaud Dassier, aux l\u00e9gislatives de 2024\u2026 avec un certain succ\u00e8s (15,55 % des voix). <\/p>\n<p class=\"sc-cPiKLX AiZTS text-element\">L\u2019absence d\u2019un tel candidat attise l\u2019int\u00e9r\u00eat de Knafo. En novembre, elle est all\u00e9e flairer la concurrence dans les couloirs du Parlement europ\u00e9en, en demandant \u00e0 Mariani devant quelques t\u00e9moins s\u2019il comptait bien se lancer \u00e0 Paris et, au fait, si le nom de Mar\u00e9chal \u00e9tait encore dans le chapeau. D\u00e9barrass\u00e9e de ce doute depuis le 12 d\u00e9cembre, la patronne de Reconqu\u00eate pense avoir son coup \u00e0 jouer. \u00abSi elle fait 7 % comme pr\u00e9disent les sondages, c\u2019est g\u00e9nial et si elle fait 10 % c\u2019est un exploit\u00bb, pr\u00e9dit un proche. Et en cas d\u2019exploit, Knafo, \u00e0 qui l\u2019on pr\u00eate des ambitions pr\u00e9sidentielles pourrait se sentir pousser des ailes. Et l\u2019envie d\u2019occuper l\u2019espace que le RN lui laisse.<\/p>\n","protected":false},"excerpt":{"rendered":"Sa d\u00e9cision est prise mais il est encore trop t\u00f4t pour le dire. C\u2019est ce qui transpire du&hellip;\n","protected":false},"author":2,"featured_media":606791,"comment_status":"","ping_status":"","sticky":false,"template":"","format":"standard","meta":{"footnotes":""},"categories":[1888],"tags":[11,1777,674,1076,1011,27,1077,430,5945,12,626,25,2848],"class_list":{"0":"post-606790","1":"post","2":"type-post","3":"status-publish","4":"format-standard","5":"has-post-thumbnail","7":"category-paris","8":"tag-actualites","9":"tag-eu","10":"tag-europe","11":"tag-extreme-droite","12":"tag-fr","13":"tag-france","14":"tag-jordan-bardella","15":"tag-marine-le-pen","16":"tag-municipales-elections","17":"tag-news","18":"tag-paris","19":"tag-republique-francaise","20":"tag-rn"},"share_on_mastodon":{"url":"https:\/\/pubeurope.com\/@fr\/115738918587378008","error":""},"_links":{"self":[{"href":"https:\/\/www.europesays.com\/fr\/wp-json\/wp\/v2\/posts\/606790","targetHints":{"allow":["GET"]}}],"collection":[{"href":"https:\/\/www.europesays.com\/fr\/wp-json\/wp\/v2\/posts"}],"about":[{"href":"https:\/\/www.europesays.com\/fr\/wp-json\/wp\/v2\/types\/post"}],"author":[{"embeddable":true,"href":"https:\/\/www.europesays.com\/fr\/wp-json\/wp\/v2\/users\/2"}],"replies":[{"embeddable":true,"href":"https:\/\/www.europesays.com\/fr\/wp-json\/wp\/v2\/comments?post=606790"}],"version-history":[{"count":0,"href":"https:\/\/www.europesays.com\/fr\/wp-json\/wp\/v2\/posts\/606790\/revisions"}],"wp:featuredmedia":[{"embeddable":true,"href":"https:\/\/www.europesays.com\/fr\/wp-json\/wp\/v2\/media\/606791"}],"wp:attachment":[{"href":"https:\/\/www.europesays.com\/fr\/wp-json\/wp\/v2\/media?parent=606790"}],"wp:term":[{"taxonomy":"category","embeddable":true,"href":"https:\/\/www.europesays.com\/fr\/wp-json\/wp\/v2\/categories?post=606790"},{"taxonomy":"post_tag","embeddable":true,"href":"https:\/\/www.europesays.com\/fr\/wp-json\/wp\/v2\/tags?post=606790"}],"curies":[{"name":"wp","href":"https:\/\/api.w.org\/{rel}","templated":true}]}}