{"id":606792,"date":"2025-12-18T05:28:14","date_gmt":"2025-12-18T05:28:14","guid":{"rendered":"https:\/\/www.europesays.com\/fr\/606792\/"},"modified":"2025-12-18T05:28:14","modified_gmt":"2025-12-18T05:28:14","slug":"quels-risques-pour-lunion-europeenne-liberation","status":"publish","type":"post","link":"https:\/\/www.europesays.com\/fr\/606792\/","title":{"rendered":"quels risques\u00a0pour l\u2019Union europ\u00e9enne\u00a0? \u2013 Lib\u00e9ration"},"content":{"rendered":"<p class=\"sc-cPiKLX AiZTS text-element\">Lorsque la pr\u00e9sidente de la Commission europ\u00e9enne, Ursula von der Leyen, a propos\u00e9, en septembre dernier, de \u00abtravailler d\u2019urgence \u00e0 une nouvelle solution pour financer l\u2019effort de guerre de l\u2019Ukraine \u00e0 partir des avoirs russes gel\u00e9s\u00bb dans l\u2019Union en lui accordant un \u00abpr\u00eat de r\u00e9paration\u00bb, peu de gouvernements ont tiqu\u00e9. Alors que l\u2019UE assure depuis 2022 la <a href=\"https:\/\/www.liberation.fr\/international\/europe\/avoirs-russes-geles-leurope-sous-pression-pour-voler-au-secours-de-lukraine-20250304_DAKKMKBVTNF3RCEKZHSNWVGCEU\/\" target=\"_blank\" rel=\"noopener\" title=\"https:\/\/www.liberation.fr\/international\/europe\/avoirs-russes-geles-leurope-sous-pression-pour-voler-au-secours-de-lukraine-20250304_DAKKMKBVTNF3RCEKZHSNWVGCEU\/\">quasi-totalit\u00e9 de l\u2019aide financi\u00e8re<\/a> (\u00e0 distinguer de l\u2019aide militaire) \u00e0 ce pays agress\u00e9 par la Russie, les Etats membres sont \u00e0 la recherche de nouvelles sources de financement qui ne p\u00e8sent pas trop sur des budgets nationaux d\u00e9j\u00e0 exsangues. Autant dire que l\u2019id\u00e9e de faire payer Moscou a s\u00e9duit. Mais lorsque le chancelier allemand Friedrich Merz a voulu, \u00e0 la veille du Conseil europ\u00e9en du 23 octobre, acc\u00e9l\u00e9rer la discussion, alors m\u00eame que la Commission n\u2019avait pas encore finalis\u00e9 ses travaux pr\u00e9paratoires, le Premier ministre belge, le nationaliste flamand Bart De Wever, a bloqu\u00e9 net, inquiet des risques pour son pays qui accueille Euroclear, l\u2019\u00e9tablissement dans lequel sont log\u00e9s une bonne partie des fonds russes gel\u00e9s. Et il campe depuis sur sa po<\/p>\n","protected":false},"excerpt":{"rendered":"Lorsque la pr\u00e9sidente de la Commission europ\u00e9enne, Ursula von der Leyen, a propos\u00e9, en septembre dernier, de \u00abtravailler&hellip;\n","protected":false},"author":2,"featured_media":606793,"comment_status":"","ping_status":"","sticky":false,"template":"","format":"standard","meta":{"footnotes":""},"categories":[1591],"tags":[11,1887,12,1885,1886,132,220,297,364],"class_list":{"0":"post-606792","1":"post","2":"type-post","3":"status-publish","4":"format-standard","5":"has-post-thumbnail","7":"category-russie","8":"tag-actualites","9":"tag-federation-de-russie","10":"tag-news","11":"tag-russia","12":"tag-russian-federation","13":"tag-russie","14":"tag-ukraine","15":"tag-ukraine-la-crise","16":"tag-union-europeenne"},"share_on_mastodon":{"url":"https:\/\/pubeurope.com\/@fr\/115738922528779068","error":""},"_links":{"self":[{"href":"https:\/\/www.europesays.com\/fr\/wp-json\/wp\/v2\/posts\/606792","targetHints":{"allow":["GET"]}}],"collection":[{"href":"https:\/\/www.europesays.com\/fr\/wp-json\/wp\/v2\/posts"}],"about":[{"href":"https:\/\/www.europesays.com\/fr\/wp-json\/wp\/v2\/types\/post"}],"author":[{"embeddable":true,"href":"https:\/\/www.europesays.com\/fr\/wp-json\/wp\/v2\/users\/2"}],"replies":[{"embeddable":true,"href":"https:\/\/www.europesays.com\/fr\/wp-json\/wp\/v2\/comments?post=606792"}],"version-history":[{"count":0,"href":"https:\/\/www.europesays.com\/fr\/wp-json\/wp\/v2\/posts\/606792\/revisions"}],"wp:featuredmedia":[{"embeddable":true,"href":"https:\/\/www.europesays.com\/fr\/wp-json\/wp\/v2\/media\/606793"}],"wp:attachment":[{"href":"https:\/\/www.europesays.com\/fr\/wp-json\/wp\/v2\/media?parent=606792"}],"wp:term":[{"taxonomy":"category","embeddable":true,"href":"https:\/\/www.europesays.com\/fr\/wp-json\/wp\/v2\/categories?post=606792"},{"taxonomy":"post_tag","embeddable":true,"href":"https:\/\/www.europesays.com\/fr\/wp-json\/wp\/v2\/tags?post=606792"}],"curies":[{"name":"wp","href":"https:\/\/api.w.org\/{rel}","templated":true}]}}