{"id":606800,"date":"2025-12-18T05:32:17","date_gmt":"2025-12-18T05:32:17","guid":{"rendered":"https:\/\/www.europesays.com\/fr\/606800\/"},"modified":"2025-12-18T05:32:17","modified_gmt":"2025-12-18T05:32:17","slug":"lelan-des-bourses-europeennes-en-2026-suspendu-aux-depenses-en-allemagne-18-12-2025-a-0600","status":"publish","type":"post","link":"https:\/\/www.europesays.com\/fr\/606800\/","title":{"rendered":"L&rsquo;\u00e9lan des Bourses europ\u00e9ennes en 2026 suspendu aux d\u00e9penses en Allemagne &#8211; 18\/12\/2025 \u00e0 06:00"},"content":{"rendered":"<p>\n par Yoruk Bahceli et Samuel Indyk\n<\/p>\n<p>\n Les investisseurs<br \/>\nesp\u00e8rent qu&rsquo;une explosion des d\u00e9penses en Allemagne, la premi\u00e8re<br \/>\n\u00e9conomie de l&rsquo;Union europ\u00e9enne (UE), donnera en 2026 un nouvel<br \/>\n\u00e9lan aux march\u00e9s boursiers europ\u00e9ens, qui sont dans l&rsquo;ombre de<br \/>\nleurs homologues am\u00e9ricains depuis l&rsquo;\u00e9t\u00e9.\n<\/p>\n<p>\n Un accord visant \u00e0 mettre fin \u00e0 la guerre en Ukraine<br \/>\npourrait \u00e9galement stimuler le moral, alors que les actions<br \/>\neurop\u00e9ennes ont \u00e0 peine r\u00e9cup\u00e9r\u00e9 les liquidit\u00e9s perdues depuis<br \/>\nle d\u00e9but du conflit en f\u00e9vrier 2022.\n<\/p>\n<p>\n Les Bourses europ\u00e9ennes ont connu un premier semestre 2025<br \/>\nmeilleur que leurs homologues am\u00e9ricaines, aid\u00e9es par<br \/>\nl&rsquo;augmentation des d\u00e9penses de d\u00e9fense dans le bloc et la<br \/>\nr\u00e9forme du frein \u00e0 l&rsquo;endettement en Allemagne, tandis que les<br \/>\ndroits de douane annonc\u00e9s par Washington en avril ont \u00e9branl\u00e9 la<br \/>\nconfiance des investisseurs dans les actifs am\u00e9ricains.\n<\/p>\n<p>\n Les craintes li\u00e9es \u00e0 la politique commerciale de la Maison<br \/>\nblanche se sont n\u00e9anmoins apais\u00e9es au fil des accords<br \/>\ncommerciaux et les actions europ\u00e9ennes ont repris leur tendance<br \/>\n\u00e0 sous-performer leurs homologues am\u00e9ricaines.\n<\/p>\n<p>\n Les march\u00e9s actions europ\u00e9ens ont enregistr\u00e9 des entr\u00e9es de<br \/>\ncapitaux d&rsquo;un peu plus de 86 milliards de dollars en 2025 (73,39<br \/>\nmilliards d&rsquo;euros), mais ce rythme a ralenti \u00e0 23 milliards de<br \/>\ndollars au cours des six derniers mois, selon les donn\u00e9es EPFR<br \/>\nsuivies par Barclays.\n<\/p>\n<p>\n Pour 2026, les investisseurs estiment que les places<br \/>\nboursi\u00e8res europ\u00e9ennes devraient enregistrer de bons r\u00e9sultats<br \/>\nl&rsquo;ann\u00e9e prochaine, tout en restant dans l&rsquo;ombre des \u00c9tats-Unis.\n<\/p>\n<p>\n Quatre des six plus grandes banques d&rsquo;investissement<br \/>\nam\u00e9ricaines et europ\u00e9ennes pr\u00e9voient que l&rsquo;Europe sera \u00e0 nouveau<br \/>\n\u00e0 la tra\u00eene en 2026, en raison notamment de l&rsquo;exposition des<br \/>\n\u00c9tats-Unis \u00e0 l&rsquo;essor de l&rsquo;intelligence artificielle (IA).\n<\/p>\n<p>\n \u00ab\u00a0L&rsquo;attention se porte d\u00e9sormais sur ce que l&rsquo;Europe peut<br \/>\nfaire en termes de facteur d&rsquo;attraction, \u00e9tant donn\u00e9 que le<br \/>\nfacteur de r\u00e9pulsion des \u00c9tats-Unis ne sera pas aussi prononc\u00e9<br \/>\nque nous le pensions\u00a0\u00bb, a d\u00e9clar\u00e9 Arun Sai, strat\u00e8ge senior<br \/>\nmulti-actifs chez Pictet Asset Management.\n<\/p>\n<p>\n L&rsquo;ALLEMAGNE, UN FACTEUR CL\u00c9\n<\/p>\n<p>\n Berlin a r\u00e9form\u00e9 en mars dernier ses r\u00e8gles budg\u00e9taires, qui<br \/>\nlimitaient constitutionnellement l&rsquo;endettement f\u00e9d\u00e9ral, afin de<br \/>\nstimuler les investissements dans les infrastructures et la<br \/>\nd\u00e9fense, mais a utilis\u00e9 une partie de cette nouvelle marge de<br \/>\nmanoeuvre pour les d\u00e9penses courantes plut\u00f4t que pour des<br \/>\ninfrastructures suppl\u00e9mentaires qui stimuleraient l&rsquo;\u00e9conomie et,<br \/>\npar cons\u00e9quent, la performance boursi\u00e8re de fa\u00e7on durable.\n<\/p>\n<p>\n Si les d\u00e9penses d&rsquo;infrastructure devraient s&rsquo;acc\u00e9l\u00e9rer en<br \/>\n2026, les \u00e9conomistes de Barclays affirment que, dans<br \/>\nl&rsquo;ensemble, tant cette ann\u00e9e qu&rsquo;en 2026, les d\u00e9penses sociales<br \/>\naugmenteront plus rapidement.\n<\/p>\n<p>\n Les projets budg\u00e9taires de l&rsquo;Allemagne ne sont \u00ab\u00a0pas aussi<br \/>\nambitieux que ce que nous aurions souhait\u00e9\u00a0\u00bb, observe Ross<br \/>\nHutchison, analyste chez Zurich Insurance Group, qui privil\u00e9gie<br \/>\nles actions am\u00e9ricaines aux actions europ\u00e9ennes.\n<\/p>\n<p>\n M\u00eame si le niveau \u00e9lev\u00e9 des d\u00e9penses globales reste positif,<br \/>\nil aimerait que davantage de fonds soient allou\u00e9s aux<br \/>\ninfrastructures ayant un impact \u00e0 plus long terme.\n<\/p>\n<p>\n Trois instituts \u00e9conomiques allemands ont revu \u00e0 la baisse<br \/>\nla semaine derni\u00e8re leurs pr\u00e9visions de croissance pour 2026,<br \/>\ninvoquant une dynamique limit\u00e9e des d\u00e9penses et la lenteur des<br \/>\nprogr\u00e8s en mati\u00e8re de r\u00e9formes structurelles.\n<\/p>\n<p>\n Les valorisations boursi\u00e8res refl\u00e8tent \u00e9galement ce<br \/>\npessimisme. Les actions allemandes ont progress\u00e9 de plus de 20%<br \/>\ncette ann\u00e9e mais leur performance a \u00e9t\u00e9 morose au second<br \/>\nsemestre de l&rsquo;ann\u00e9e.\n<\/p>\n<p>\n Globalement, les actions europ\u00e9ennes se n\u00e9gocient avec une<br \/>\nd\u00e9cote d&rsquo;environ 35% par rapport \u00e0 leurs homologues am\u00e9ricaines<br \/>\nen termes de b\u00e9n\u00e9fices pr\u00e9visionnels, un niveau proche d&rsquo;un plus<br \/>\nbas historique.\n<\/p>\n<p>\n Cela signifie, disent les analystes, qu&rsquo;il existe un<br \/>\npotentiel d&rsquo;afflux de capitaux si l&rsquo;Allemagne tient ses<br \/>\npromesses en mati\u00e8re budg\u00e9taire.\n<\/p>\n<p>\n Une augmentation des b\u00e9n\u00e9fices des entreprises du STOXX 600<br \/>\nl&rsquo;ann\u00e9e prochaine, apr\u00e8s une contraction en 2025, pourrait<br \/>\n\u00e9galement donner un nouvel \u00e9lan aux Bourses europ\u00e9ennes, selon<br \/>\nles estimations de LSEG I\/B\/E\/S.\n<\/p>\n<p>\n D&rsquo;un point de vue g\u00e9opolitique, un cessez-le-feu ou un<br \/>\naccord de paix en Ukraine contribuerait \u00e0 am\u00e9liorer le moral des<br \/>\ninvestisseurs. Les actifs g\u00e9r\u00e9s par les fonds d&rsquo;actions<br \/>\neurop\u00e9ens ont recul\u00e9 de 14% depuis le d\u00e9but de la guerre en<br \/>\n2022, et les entr\u00e9es r\u00e9centes n&rsquo;ont permis de r\u00e9cup\u00e9rer qu&rsquo;un<br \/>\ndixi\u00e8me des fonds qui avaient \u00e9t\u00e9 retir\u00e9s, selon Citi.\n<\/p>\n<p>\n L&rsquo;impact initial d&rsquo;une fin du conflit serait toutefois plus<br \/>\nsp\u00e9cifique \u00e0 certains secteurs et r\u00e9sulterait surtout de la<br \/>\nbaisse des prix de l&rsquo;\u00e9nergie, soulignent les analystes.\n<\/p>\n<p>\n Les investisseurs seront \u00e9galement attentifs au r\u00f4le que les<br \/>\ngroupes europ\u00e9ens pourront jouer dans la reconstruction de<br \/>\nl&rsquo;Ukraine, qui pourrait co\u00fbter plus de 500 milliards de dollars<br \/>\nau cours de la prochaine d\u00e9cennie.\n<\/p>\n<p>\n (Yoruk Bahceli et Samuel Indyk, avec la contribution de Dhara<br \/>\nRanasinghe et Alun John ; version fran\u00e7aise Diana Mandia, \u00e9dit\u00e9<br \/>\npar Blandine H\u00e9nault)<\/p>\n","protected":false},"excerpt":{"rendered":"par Yoruk Bahceli et Samuel Indyk Les investisseurs esp\u00e8rent qu&rsquo;une explosion des d\u00e9penses en Allemagne, la premi\u00e8re \u00e9conomie&hellip;\n","protected":false},"author":2,"featured_media":2554,"comment_status":"","ping_status":"","sticky":false,"template":"","format":"standard","meta":{"footnotes":""},"categories":[1587],"tags":[400,11,672,398,408,1804,405,1805,1803,1777,674,1801,403,402,399,404,12,1802,401,406,407],"class_list":{"0":"post-606800","1":"post","2":"type-post","3":"status-publish","4":"format-standard","5":"has-post-thumbnail","7":"category-allemagne","8":"tag-action-cac-40","9":"tag-actualites","10":"tag-allemagne","11":"tag-bourse-de-paris","12":"tag-boursorama","13":"tag-bundesrepublik-deutschland","14":"tag-cotations","15":"tag-de","16":"tag-deutschland","17":"tag-eu","18":"tag-europe","19":"tag-germany","20":"tag-indices-devises","21":"tag-investir","22":"tag-investissement","23":"tag-marche-boursier","24":"tag-news","25":"tag-republique-federale-dallemagne","26":"tag-sicav","27":"tag-trackers","28":"tag-warrants"},"share_on_mastodon":{"url":"https:\/\/pubeurope.com\/@fr\/115738938276290160","error":""},"_links":{"self":[{"href":"https:\/\/www.europesays.com\/fr\/wp-json\/wp\/v2\/posts\/606800","targetHints":{"allow":["GET"]}}],"collection":[{"href":"https:\/\/www.europesays.com\/fr\/wp-json\/wp\/v2\/posts"}],"about":[{"href":"https:\/\/www.europesays.com\/fr\/wp-json\/wp\/v2\/types\/post"}],"author":[{"embeddable":true,"href":"https:\/\/www.europesays.com\/fr\/wp-json\/wp\/v2\/users\/2"}],"replies":[{"embeddable":true,"href":"https:\/\/www.europesays.com\/fr\/wp-json\/wp\/v2\/comments?post=606800"}],"version-history":[{"count":0,"href":"https:\/\/www.europesays.com\/fr\/wp-json\/wp\/v2\/posts\/606800\/revisions"}],"wp:featuredmedia":[{"embeddable":true,"href":"https:\/\/www.europesays.com\/fr\/wp-json\/wp\/v2\/media\/2554"}],"wp:attachment":[{"href":"https:\/\/www.europesays.com\/fr\/wp-json\/wp\/v2\/media?parent=606800"}],"wp:term":[{"taxonomy":"category","embeddable":true,"href":"https:\/\/www.europesays.com\/fr\/wp-json\/wp\/v2\/categories?post=606800"},{"taxonomy":"post_tag","embeddable":true,"href":"https:\/\/www.europesays.com\/fr\/wp-json\/wp\/v2\/tags?post=606800"}],"curies":[{"name":"wp","href":"https:\/\/api.w.org\/{rel}","templated":true}]}}