{"id":60681,"date":"2025-04-29T01:59:08","date_gmt":"2025-04-29T01:59:08","guid":{"rendered":"https:\/\/www.europesays.com\/fr\/60681\/"},"modified":"2025-04-29T01:59:08","modified_gmt":"2025-04-29T01:59:08","slug":"securite-des-cyclistes-apres-la-mort-de-paul-varry-ce-que-propose-le-rapport-pour-limiter-les-violences-routieres","status":"publish","type":"post","link":"https:\/\/www.europesays.com\/fr\/60681\/","title":{"rendered":"S\u00e9curit\u00e9 des cyclistes\u00a0: apr\u00e8s la mort de Paul Varry, ce que propose le rapport pour limiter les violences routi\u00e8res"},"content":{"rendered":"<p class=\"paragraph text_align_left\">Les centaines d\u2019heures d\u2019audition, les tables rondes, les r\u00e9unions de travail, l\u2019examen de dizaines d\u2019\u00e9tudes sur les mobilit\u00e9s\u2026 ont d\u00e9bouch\u00e9 sur un document de 122 pages qui comprend 40 recommandations, dont 18 qualifi\u00e9es de \u00ab prioritaires \u00bb. Le rapport sur \u00ab la pr\u00e9vention des violences routi\u00e8res et le partage de la voie publique \u00bb qu\u2019Emmanuel Barbe (ancien d\u00e9l\u00e9gu\u00e9 \u00e0 la s\u00e9curit\u00e9 routi\u00e8re) a remis, ce lundi, au ministre des Transports est \u00e0 la mesure du <a href=\"https:\/\/www.leparisien.fr\/faits-divers\/paris-un-cycliste-meurt-ecrase-par-un-automobiliste-suite-a-un-differend-de-la-route-15-10-2024-35GTFH2QORESFDQDHLSPITJVHY.php\" target=\"_self\" rel=\"nofollow noopener\">drame de la circulation<\/a> qui l\u2019avait justifi\u00e9.<\/p>\n<p class=\"paragraph text_align_left\">C\u2019\u00e9tait le 15 octobre 2024 \u00e0 Paris, en pleine heure de pointe du soir, sur un boulevard tr\u00e8s fr\u00e9quent\u00e9 du VIIIe arrondissement. \u00c0 la suite d\u2019une altercation verbale entre un conducteur de SUV et un jeune cycliste qui s\u2019\u00e9tait positionn\u00e9 devant sa voiture pour l\u2019emp\u00eacher d\u2019emprunter la piste cyclable, l\u2019automobiliste avait percut\u00e9 puis \u00e9cras\u00e9 le cycliste.<\/p>\n","protected":false},"excerpt":{"rendered":"Les centaines d\u2019heures d\u2019audition, les tables rondes, les r\u00e9unions de travail, l\u2019examen de dizaines d\u2019\u00e9tudes sur les mobilit\u00e9s\u2026&hellip;\n","protected":false},"author":2,"featured_media":60682,"comment_status":"","ping_status":"","sticky":false,"template":"","format":"standard","meta":{"footnotes":""},"categories":[1888],"tags":[1111,1928,11,1927,1777,674,1011,27,1944,12,1926,626,1925,25,104,2382],"class_list":{"0":"post-60681","1":"post","2":"type-post","3":"status-publish","4":"format-standard","5":"has-post-thumbnail","7":"category-paris","8":"tag-actu","9":"tag-actu-paris","10":"tag-actualites","11":"tag-actualites-paris","12":"tag-eu","13":"tag-europe","14":"tag-fr","15":"tag-france","16":"tag-ma-ville","17":"tag-news","18":"tag-news-paris","19":"tag-paris","20":"tag-paris-news","21":"tag-republique-francaise","22":"tag-societe","23":"tag-transport-idf-oise"},"share_on_mastodon":{"url":"https:\/\/pubeurope.com\/@fr\/114418782224590165","error":""},"_links":{"self":[{"href":"https:\/\/www.europesays.com\/fr\/wp-json\/wp\/v2\/posts\/60681","targetHints":{"allow":["GET"]}}],"collection":[{"href":"https:\/\/www.europesays.com\/fr\/wp-json\/wp\/v2\/posts"}],"about":[{"href":"https:\/\/www.europesays.com\/fr\/wp-json\/wp\/v2\/types\/post"}],"author":[{"embeddable":true,"href":"https:\/\/www.europesays.com\/fr\/wp-json\/wp\/v2\/users\/2"}],"replies":[{"embeddable":true,"href":"https:\/\/www.europesays.com\/fr\/wp-json\/wp\/v2\/comments?post=60681"}],"version-history":[{"count":0,"href":"https:\/\/www.europesays.com\/fr\/wp-json\/wp\/v2\/posts\/60681\/revisions"}],"wp:featuredmedia":[{"embeddable":true,"href":"https:\/\/www.europesays.com\/fr\/wp-json\/wp\/v2\/media\/60682"}],"wp:attachment":[{"href":"https:\/\/www.europesays.com\/fr\/wp-json\/wp\/v2\/media?parent=60681"}],"wp:term":[{"taxonomy":"category","embeddable":true,"href":"https:\/\/www.europesays.com\/fr\/wp-json\/wp\/v2\/categories?post=60681"},{"taxonomy":"post_tag","embeddable":true,"href":"https:\/\/www.europesays.com\/fr\/wp-json\/wp\/v2\/tags?post=60681"}],"curies":[{"name":"wp","href":"https:\/\/api.w.org\/{rel}","templated":true}]}}