{"id":606815,"date":"2025-12-18T05:45:17","date_gmt":"2025-12-18T05:45:17","guid":{"rendered":"https:\/\/www.europesays.com\/fr\/606815\/"},"modified":"2025-12-18T05:45:17","modified_gmt":"2025-12-18T05:45:17","slug":"tour-despagne-2026-2026-va-etre-une-veritable-annee-velo-a-font-romeu-se-rejouit-le-maire-alain-luneau-apres-que-la-station-a-ete-designee-ville-darrivee","status":"publish","type":"post","link":"https:\/\/www.europesays.com\/fr\/606815\/","title":{"rendered":"Tour d\u2019Espagne 2026\u00a0: \u00ab\u00a02026 va \u00eatre une v\u00e9ritable ann\u00e9e v\u00e9lo \u00e0 Font-Romeu\u00a0\u00bb, se r\u00e9jouit le maire, Alain Luneau, apr\u00e8s que la station a \u00e9t\u00e9 d\u00e9sign\u00e9e ville d\u2019arriv\u00e9e"},"content":{"rendered":"<p>\n                                                                \u00c0 Monaco ce mercredi soir, la direction de la Vuelta a d\u00e9voil\u00e9 le parcours de l\u2019\u00e9dition 2026. Et, comme annonc\u00e9 par L\u2019Ind\u00e9pendant, la station de Font-Romeu y figure. Apr\u00e8s Les Angles pour le Tour de France, c\u2019est une r\u00e9gion que les grands Tours ont voulu mettre \u00e0 l\u2019honneur. Et le maire de Font-Romeu, Alain Luneau, \u00ab\u00a0mordu de v\u00e9lo\u00a0\u00bb, ne peut que s\u2019en r\u00e9jouir.\n                            <\/p>\n<p class=\"txt-question\">Pourquoi avoir candidat\u00e9 pour accueillir le Tour d\u2019Espagne 2026\u00a0?<\/p>\n<p>On a candidat\u00e9 parce que c\u2019est une ann\u00e9e 2026 o\u00f9 le sport doit s\u2019imposer encore un peu plus\u00a0dans le cadre du changement climatique. Et, comme Font-Romeu est une ville sportive connue, on a pens\u00e9 que le v\u00e9lo \u00e9tait aussi une bonne chose.\u00a0<a href=\"https:\/\/www.lindependant.fr\/2025\/10\/23\/tour-de-france-2026-le-maire-des-angles-tres-fier-que-sa-commune-soit-ville-darrivee-de-la-3e-etape-13010399.php\" target=\"_self\" rel=\"noopener\">Le Tour de France 2026 arrivant aux Angles<\/a> (le 6\u00a0juillet prochain), le directeur du Tour de France, Christian Prudhomme, nous a demand\u00e9\u00a0si on ne voulait pas nous accepter une arriv\u00e9e de la Vuelta.\u00a0Donc on a dit oui, bien \u00e9videmment, parce que \u00e7a fait deux animations sportives\u00a0sur notre territoire au cours de l\u2019ann\u00e9e 2026. Et la deuxi\u00e8me chose, c\u2019est qu\u2019on a une grosse client\u00e8le espagnole, catalane, sur le domaine skiable et m\u00eame l\u2019\u00e9t\u00e9.\u00a0On peut consid\u00e9rer que c\u2019est une sorte de r\u00e9compense qu\u2019on leur offre en accueillant la Vuelta.<\/p>\n<p class=\"txt-question\">Il y a une volont\u00e9, selon vous, des organisateurs du cyclisme mondial de faire briller cette r\u00e9gion des Pyr\u00e9n\u00e9es-Orientales\u00a0?<\/p>\n<p>Je le pense\u00a0! C\u2019\u00e9tait souvent une r\u00e9gion oubli\u00e9e. Ce n\u2019est pas le directeur de la Vuelta (Javier Guill\u00e9n) qui me l\u2019a dit, mais celui du Tour de France m\u2019a effectivement confi\u00e9 qu\u2019ils avaient envie de mettre \u00e0 l\u2019honneur notre d\u00e9partement, nos montagnes pyr\u00e9n\u00e9ennes qui sont souvent contourn\u00e9es.<\/p>\n<p class=\"txt-question\">Le directeur du Tour d\u2019Espagne a-t-il eu un mot pour vous convaincre d\u2019accueillir son \u00e9v\u00e9nement\u00a0?<\/p>\n<p>Pas du tout. Monsieur Prudhomme avait fait le messager et il savait que j\u2019\u00e9tais un mordu de v\u00e9lo. Personnellement, j\u2019en pratique et \u00e0 Font-Romeu on va organiser des \u00e9tapes de Coupe du monde de gravel et des championnats F\u00e9d\u00e9raux\u2026 Donc 2026 va \u00eatre une v\u00e9ritable ann\u00e9e v\u00e9lo \u00e0 Font-Romeu.<\/p>\n<p class=\"txt-question\">On imagine qu\u2019en tant que maire, vous \u00eates donc fier d\u2019accueillir un \u00e9v\u00e9nement mondial\u2026<\/p>\n<p>Bien s\u00fbr.\u00a0Font-Romeu est d\u00e9j\u00e0 connu au niveau mondial pour avoir sa cit\u00e9 de pr\u00e9paration olympique. \u00c0\u00a0un niveau moindre, la station de ski est aussi une des meilleures des Pyr\u00e9n\u00e9es fran\u00e7aises\u00a0et elle rivalise avec les stations d\u2019autres pays voisins, l\u2019Andorre et l\u2019Espagne.\u00a0Donc c\u2019est \u00e9videmment une fiert\u00e9\u00a0pour le rayonnement de notre commune d\u2019accueillir la Vuelta.<\/p>\n<p class=\"txt-question\">Que pr\u00e9voit la Ville pour l\u2019arriv\u00e9e de cette troisi\u00e8me \u00e9tape\u00a0?<\/p>\n<p>Il y aura des animations et elles ne seront pas petites\u00a0! (rires) Mais on ne sait la nouvelle que depuis un mois environ, donc nos services, notamment animation, sont sur le pont pour pr\u00e9parer cette arriv\u00e9e le 24 ao\u00fbt 2026.\u00a0C\u2019est une tr\u00e8s bonne p\u00e9riode pour nous\u00a0parce que \u00e7a continue la p\u00e9riode de fr\u00e9quentation estivale.<\/p>\n","protected":false},"excerpt":{"rendered":"\u00c0 Monaco ce mercredi soir, la direction de la Vuelta a d\u00e9voil\u00e9 le parcours de l\u2019\u00e9dition 2026. Et,&hellip;\n","protected":false},"author":2,"featured_media":606816,"comment_status":"","ping_status":"","sticky":false,"template":"","format":"standard","meta":{"footnotes":""},"categories":[1411],"tags":[1154,207,71837,1011,27,11548,517,60],"class_list":{"0":"post-606815","1":"post","2":"type-post","3":"status-publish","4":"format-standard","5":"has-post-thumbnail","7":"category-cyclisme","8":"tag-cycling","9":"tag-cyclisme","10":"tag-fontromeuodeillovia","11":"tag-fr","12":"tag-france","13":"tag-pyrenees-orientales","14":"tag-sport","15":"tag-sports"},"share_on_mastodon":{"url":"https:\/\/pubeurope.com\/@fr\/115738989295065838","error":""},"_links":{"self":[{"href":"https:\/\/www.europesays.com\/fr\/wp-json\/wp\/v2\/posts\/606815","targetHints":{"allow":["GET"]}}],"collection":[{"href":"https:\/\/www.europesays.com\/fr\/wp-json\/wp\/v2\/posts"}],"about":[{"href":"https:\/\/www.europesays.com\/fr\/wp-json\/wp\/v2\/types\/post"}],"author":[{"embeddable":true,"href":"https:\/\/www.europesays.com\/fr\/wp-json\/wp\/v2\/users\/2"}],"replies":[{"embeddable":true,"href":"https:\/\/www.europesays.com\/fr\/wp-json\/wp\/v2\/comments?post=606815"}],"version-history":[{"count":0,"href":"https:\/\/www.europesays.com\/fr\/wp-json\/wp\/v2\/posts\/606815\/revisions"}],"wp:featuredmedia":[{"embeddable":true,"href":"https:\/\/www.europesays.com\/fr\/wp-json\/wp\/v2\/media\/606816"}],"wp:attachment":[{"href":"https:\/\/www.europesays.com\/fr\/wp-json\/wp\/v2\/media?parent=606815"}],"wp:term":[{"taxonomy":"category","embeddable":true,"href":"https:\/\/www.europesays.com\/fr\/wp-json\/wp\/v2\/categories?post=606815"},{"taxonomy":"post_tag","embeddable":true,"href":"https:\/\/www.europesays.com\/fr\/wp-json\/wp\/v2\/tags?post=606815"}],"curies":[{"name":"wp","href":"https:\/\/api.w.org\/{rel}","templated":true}]}}