{"id":606819,"date":"2025-12-18T05:47:11","date_gmt":"2025-12-18T05:47:11","guid":{"rendered":"https:\/\/www.europesays.com\/fr\/606819\/"},"modified":"2025-12-18T05:47:11","modified_gmt":"2025-12-18T05:47:11","slug":"corinne-masiero-son-compagnon-a-un-metier-rare-mais-vous-pourriez-tout-a-fait-faire-appel-a-lui","status":"publish","type":"post","link":"https:\/\/www.europesays.com\/fr\/606819\/","title":{"rendered":"Corinne Masiero : son compagnon a un m\u00e9tier rare, mais vous pourriez tout \u00e0 fait faire appel \u00e0 lui"},"content":{"rendered":"<p>Depuis son lancement sur l&rsquo;antenne de France 3 en 2015. <a href=\"https:\/\/www.telestar.fr\/serie-tv\/capitaine-marleau\" target=\"_blank\" rel=\"noopener\">La s\u00e9rie<br \/>\nCapitaine Marleau<\/a> s&rsquo;est impos\u00e9e comme l&rsquo;un des<br \/>\nprogrammes t\u00e9l\u00e9vis\u00e9s les plus populaires de France. Toutes cha\u00eenes<br \/>\nconfondues. Chaque \u00e9pisode in\u00e9dit de cette fiction polici\u00e8re,<br \/>\n<a href=\"https:\/\/www.closermag.fr\/people\/corinne-masiero-cette-maison-communautaire-dans-laquelle-elle-vit-avec-huit-adultes-dans-le-nord-pas-de-calais-3600140\" target=\"_blank\" rel=\"noopener\"><br \/>\nport\u00e9e par l&rsquo;actrice\u00a0Corinne Masiero<\/a> dans le r\u00f4le-titre,<br \/>\nrassemble des millions de personnes devant leurs \u00e9crans.<br \/>\n<strong>\u00c9crasant la concurrence sur son passage<\/strong>. Certains<br \/>\nopus de la s\u00e9rie ont m\u00eame r\u00e9ussi l&rsquo;exploit de d\u00e9passer les 7<br \/>\nmillions de t\u00e9l\u00e9spectateurs. Mercredi 17 d\u00e9cembre 2025 un nouvel<br \/>\n\u00e9pisode in\u00e9dit sera diffus\u00e9 en prime time sur France 2.<\/p>\n<p>\u00ab\u00a0Le corps de Clara Santini est retrouv\u00e9 sans vie au bord<br \/>\nd\u2019un lac. Marleau sent vite que l&rsquo;affaire tourne autour du trio que<br \/>\nClara formait avec son compagnon, Gabin Vauthier. Un officier de<br \/>\nmarine surnomm\u00e9 &lsquo;l&rsquo;Amiral&rsquo;. Et Jade, une adolescente impliqu\u00e9e dans<br \/>\nune s\u00e9rie de vols. Clara et Gabin avaient le projet de cr\u00e9er une<br \/>\nbase nautique pour enfants d\u00e9favoris\u00e9s. <strong>Ce qui ne plaisait<br \/>\npas \u00e0 tout le monde<\/strong>. Dont un h\u00f4telier qui avait lui aussi<br \/>\nle projet d&rsquo;exploiter les berges du lac\u00a0\u00bb, a notamment indiqu\u00e9<br \/>\nla cha\u00eene publique dans un communiqu\u00e9.<\/p>\n<p>L&rsquo;interpr\u00e8te du personnage du Capitaine Marleau partage la vie<br \/>\ndu metteur en sc\u00e8ne Nicolas Grard<\/p>\n<p>Au sein de cet \u00e9pisode. Corinne Masiero donnera notamment la<br \/>\nr\u00e9plique \u00e0 Jacques Bonnaff\u00e9, Lor\u00e0nt Deutsch, Jacques Spiesser,<br \/>\n<a href=\"https:\/\/www.closermag.fr\/people\/francis-huster-des-choses-que-je-nai-pas-ce-drole-de-lien-quil-garde-avec-son-ex-compagne-cristiana-reali-3604462\" target=\"_blank\" rel=\"noopener\"><br \/>\nCristiana Reali<\/a>,\u00a0Laure Marsac, Marcel Thompson, Alice<br \/>\nCornillac,\u00a0Gina Gomes, L\u00e9on Vitale,\u00a0Jeremy Barriere,<br \/>\nWesley Leggieri\u00a0et Thomas Bettencourt. C\u00f4t\u00e9 vie priv\u00e9e, la<br \/>\nt\u00eate d&rsquo;affiche de Capitaine Marleau est en couple avec le<br \/>\nmetteur en sc\u00e8ne Nicolas Grard. <strong>Ce dernier est d&rsquo;ailleurs<br \/>\ndipl\u00f4m\u00e9 de naturopathie<\/strong>. Faisant ainsi partie des 6000<br \/>\nnaturopathes exer\u00e7ant en France.<\/p>\n<p>\u00ab\u00a0Je m&rsquo;attache \u00e0 maintenir et r\u00e9habiliter les \u00e9quilibres<br \/>\nphysiologiques de votre organisme avec des \u00e9l\u00e9ments et techniques<br \/>\nnaturels. Je prends aussi en compte vos d\u00e9sordres<br \/>\npsycho-\u00e9motionnels\u00a0\u00bb, indique-t-il notamment sur <a class=\"xXx\" href=\"https:\/\/www.niconaturo.info\/\" target=\"_blank\" rel=\"nofollow noopener\">son site professionnel.<\/a> Tout en pr\u00e9cisant<br \/>\nque son but est de \u00ab\u00a0corriger les troubles fonctionnels<br \/>\net psychosomatiques par une approche globale de votre personne.<br \/>\n<strong>Enseigner des r\u00e8gles d\u2019hygi\u00e8ne de vie<\/strong> afin de vous<br \/>\naccompagner. Et que vous deveniez acteur de votre sant\u00e9\u00a0\u00bb.<\/p>\n<p>Corinne Masiero : \u00ab\u00a0Je ne veux pas<br \/>\nimposer la personne que je suis, ce que je vis \u00e0 quelqu\u2019un\u00a0\u00bb<\/p>\n<p>S\u00e9 d\u00e9crivant lui-m\u00eame comme \u00e9tant \u00ab\u00a0f\u00e9ru de nutrition,<br \/>\npassionn\u00e9 par la transmission et artiste du spectacle\u00a0\u00bb. Il<br \/>\n\u00ab\u00a0adopte la Naturopathie, source de vie, de mouvements du corps,<br \/>\ndes humeurs et des \u00e9motions\u00a0\u00bb. Ses conseils personnalis\u00e9s,<br \/>\nainsi que son programme sp\u00e9cifique, comprennent ainsi \u00ab\u00a0une<br \/>\nalimentation vivante et sp\u00e9cifique. Des exercices physiques et<br \/>\nrespiratoires. <strong>La prise en compte de vos \u00e9motions et de<br \/>\nvotre stress<\/strong>\u00ab\u00a0.<\/p>\n<p>Pour rappel, Corinne Masiero et Nicolas Grard ont fait le choix<br \/>\nde ne pas avoir d&rsquo;enfants. \u00ab\u00a0Je ne veux pas imposer la personne<br \/>\nque je suis, ce que je vis \u00e0 quelqu\u2019un. C\u2019est une responsabilit\u00e9<br \/>\n\u00e9norme. Je n\u2019ai pas envie que quelqu\u2019un ait honte d\u2019\u00eatre ma<br \/>\ndescendance. <strong>J\u2019ai d\u00e9j\u00e0 du mal \u00e0 m\u2019assumer moi-m\u00eame<br \/>\npsychologiquement<\/strong>. Ce serait mettre quelqu\u2019un en danger.<br \/>\nEt \u00e7a je ne veux pas\u00a0\u00bb, avait notamment pr\u00e9cis\u00e9 l&rsquo;actrice dans<br \/>\nles colonnes du magazine ELLE.<\/p>\n","protected":false},"excerpt":{"rendered":"Depuis son lancement sur l&rsquo;antenne de France 3 en 2015. La s\u00e9rie Capitaine Marleau s&rsquo;est impos\u00e9e comme l&rsquo;un&hellip;\n","protected":false},"author":2,"featured_media":606820,"comment_status":"","ping_status":"","sticky":false,"template":"","format":"standard","meta":{"footnotes":""},"categories":[1359],"tags":[21303,58,59,1011,27,70202,973,65861],"class_list":{"0":"post-606819","1":"post","2":"type-post","3":"status-publish","4":"format-standard","5":"has-post-thumbnail","7":"category-people","8":"tag-buzz_nonli","9":"tag-divertissement","10":"tag-entertainment","11":"tag-fr","12":"tag-france","13":"tag-marfeel_connexes","14":"tag-people","15":"tag-trend"},"share_on_mastodon":{"url":"https:\/\/pubeurope.com\/@fr\/115738997855660793","error":""},"_links":{"self":[{"href":"https:\/\/www.europesays.com\/fr\/wp-json\/wp\/v2\/posts\/606819","targetHints":{"allow":["GET"]}}],"collection":[{"href":"https:\/\/www.europesays.com\/fr\/wp-json\/wp\/v2\/posts"}],"about":[{"href":"https:\/\/www.europesays.com\/fr\/wp-json\/wp\/v2\/types\/post"}],"author":[{"embeddable":true,"href":"https:\/\/www.europesays.com\/fr\/wp-json\/wp\/v2\/users\/2"}],"replies":[{"embeddable":true,"href":"https:\/\/www.europesays.com\/fr\/wp-json\/wp\/v2\/comments?post=606819"}],"version-history":[{"count":0,"href":"https:\/\/www.europesays.com\/fr\/wp-json\/wp\/v2\/posts\/606819\/revisions"}],"wp:featuredmedia":[{"embeddable":true,"href":"https:\/\/www.europesays.com\/fr\/wp-json\/wp\/v2\/media\/606820"}],"wp:attachment":[{"href":"https:\/\/www.europesays.com\/fr\/wp-json\/wp\/v2\/media?parent=606819"}],"wp:term":[{"taxonomy":"category","embeddable":true,"href":"https:\/\/www.europesays.com\/fr\/wp-json\/wp\/v2\/categories?post=606819"},{"taxonomy":"post_tag","embeddable":true,"href":"https:\/\/www.europesays.com\/fr\/wp-json\/wp\/v2\/tags?post=606819"}],"curies":[{"name":"wp","href":"https:\/\/api.w.org\/{rel}","templated":true}]}}