{"id":606821,"date":"2025-12-18T05:48:24","date_gmt":"2025-12-18T05:48:24","guid":{"rendered":"https:\/\/www.europesays.com\/fr\/606821\/"},"modified":"2025-12-18T05:48:24","modified_gmt":"2025-12-18T05:48:24","slug":"le-style-mid-century-revisite-dans-un-appartement-colore-en-pologne","status":"publish","type":"post","link":"https:\/\/www.europesays.com\/fr\/606821\/","title":{"rendered":"Le style mid-century revisit\u00e9 dans un appartement color\u00e9 en Pologne"},"content":{"rendered":"<p><strong>Un style mid-century et beaucoup de couleurs : cet appartement de 90 m\u00e8tres carr\u00e9s en Pologne a tout ce dont on peut r\u00eaver<\/strong><\/p>\n<p>Qu\u2019ont en commun l\u2019Espagne et la <a href=\"https:\/\/www.admagazine.fr\/article\/pologne-petit-espace-bleu\" target=\"_blank\" rel=\"noopener\">Pologne<\/a> ? \u00c0 premi\u00e8re vue, peu de choses. Et pourtant, l\u2019histoire de cet appartement de 90 m\u00e8tres carr\u00e9s \u00e0 Szczecin nous prouve le contraire. Cette grande ville polonaise, tourn\u00e9e vers l\u2019eau et proche de la mer Baltique, abrite le pied-\u00e0-terre d\u2019un couple cosmopolite, partag\u00e9 entre deux cultures. Lui, originaire de Szczecin, reste profond\u00e9ment attach\u00e9 \u00e0 sa ville natale ; elle, port\u00e9e par son activit\u00e9 professionnelle, cultive un go\u00fbt prononc\u00e9 pour l\u2019art de vivre m\u00e9diterran\u00e9en. Ensemble, ils ont fond\u00e9 une entreprise num\u00e9rique d\u00e9di\u00e9e \u00e0 l\u2019enseignement des langues, une activit\u00e9 qui les conduit \u00e0 voyager souvent. L\u2019<a href=\"https:\/\/www.admagazine.fr\/article\/ce-petit-appartement-colore-et-joyeux-est-incroyablement-bien-pense\" target=\"_blank\" rel=\"noopener\">appartement<\/a> devait ainsi devenir l\u2019un de leurs deux ports d\u2019attache, dans une ville r\u00e9cemment class\u00e9e en t\u00eate du \u00ab Friendly City Index \u00bb pour sa qualit\u00e9 de vie. Pour donner forme \u00e0 ce projet, ils ont fait appel \u00e0 l\u2019agence berlinoise Studio Bosko, dirig\u00e9e par Kasia Kronberger, avec des attentes claires : un style mid-century, de la s\u00e9r\u00e9nit\u00e9, de l\u2019espace et une grande libert\u00e9 de mouvement. L\u2019agence y a r\u00e9pondu avec finesse, gr\u00e2ce \u00e0 des meubles et rangements en bois sur mesure, une palette de couleurs harmonieuse et des <a href=\"https:\/\/www.admagazine.fr\/article\/astuces-niches-petit-espace\" target=\"_blank\" rel=\"noopener\">niches<\/a> astucieuses.<\/p>\n<p><img decoding=\"async\" alt=\"salon midcentury dans les tons vert bleu et ocre\" loading=\"lazy\" class=\"ResponsiveImageContainer-eNxvmU cfBbTk responsive-image__image\"   src=\"https:\/\/www.europesays.com\/fr\/wp-content\/uploads\/2025\/12\/0723_StudioBosko_Stettin_LR-28.jpg\"\/><\/p>\n<p>Un tapis marocain fait main aux doux d\u00e9grad\u00e9s de vert accueille les visiteurs, suivi d\u2019une banquette int\u00e9gr\u00e9e \u00e0 la cloison et recouverte d\u2019un tissu vert gazon. Le reste du pied-\u00e0-terre est ouvert : d\u2019ici, on aper\u00e7oit d\u00e9j\u00e0 la salle \u00e0 manger et le salon.<\/p>\n<p>Giulia Maretti Studio<img decoding=\"async\" alt=\"warm Holz schwarzes Sideboard Homestory Polen\" loading=\"lazy\" class=\"ResponsiveImageContainer-eNxvmU cfBbTk responsive-image__image\"   src=\"https:\/\/www.europesays.com\/fr\/wp-content\/uploads\/2025\/12\/0723_StudioBosko_Stettin_LR-33.jpg\"\/><\/p>\n<p>Le buffet noir avec ses portes en bois de peuplier martel\u00e9 sur un socle en ch\u00eane noirci n\u2019est pas le seul \u00e9l\u00e9ment \u00e0 pr\u00e9senter cette finition. La lampe de table est vintage et s\u2019inspire du style mid-century danois.<\/p>\n<p>Giulia Maretti StudioUn plan ouvert, des transitions fluides<\/p>\n<p>Le <a href=\"https:\/\/www.admagazine.fr\/article\/plans-maison-evoluent-espaces-ouverts\" target=\"_blank\" rel=\"noopener\">plan<\/a> de l\u2019appartement de 90 m\u00e8tres carr\u00e9s est rest\u00e9 pratiquement inchang\u00e9. Dans un premier temps, le Studio Bosko n\u2019a modifi\u00e9 que le bureau et la chambre \u00e0 coucher. \u00ab L\u2019accent a \u00e9t\u00e9 mis sur l\u2019architecture int\u00e9rieure, des mat\u00e9riaux de surface \u00e0 l\u2019\u00e9clairage en passant par les portes \u00bb, explique Kasia Kronberger. \u00ab La libert\u00e9 de mouvement \u00e9tait un facteur particuli\u00e8rement important. \u00bb C\u2019est pourquoi l\u2019espace entre l\u2019entr\u00e9e, la cuisine et le salon est ouvert et fluide \u2013 seule une cloison en bois avec un banc assure l\u2019intimit\u00e9 dans la cuisine. Celle-ci est accessible depuis diff\u00e9rents endroits gr\u00e2ce \u00e0 l\u2019<a href=\"https:\/\/www.admagazine.fr\/article\/idee-cuisine-avec-ilot-central\" target=\"_blank\" rel=\"noopener\">\u00eelot central<\/a>. \u00ab Les clients aiment organiser des d\u00eeners, il \u00e9tait donc important de cr\u00e9er un espace de convivialit\u00e9 et diff\u00e9rentes possibilit\u00e9s de s\u2019asseoir. \u00bb Comme la niche organique en bois, qui s\u2019int\u00e8gre parfaitement \u00e0 l\u2019\u00eelot de cuisine et cr\u00e9e un doux contraste de couleurs gr\u00e2ce \u00e0 sa peinture couleur p\u00eache et ses coussins jaunes.<\/p>\n<p>Le mid-century et les couleurs revisit\u00e9s<\/p>\n<p>Studio Bosko est pass\u00e9 ma\u00eetre dans l\u2019art de trouver l\u2019harmonie chromatique id\u00e9ale, et ce de mani\u00e8re tr\u00e8s intuitive. Pour l\u2019agence berlinoise, la <a href=\"https:\/\/www.admagazine.fr\/article\/cloud-dancer-couleur-pantone-2026\" target=\"_blank\" rel=\"noopener\">couleur<\/a> est bien plus qu\u2019une simple peinture, c\u2019est un \u00ab mat\u00e9riau \u00bb dont la qualit\u00e9 et l\u2019application sont d\u00e9terminantes. \u00ab Les contrastes, parfois m\u00eame les clashs \u00e9vidents, donnent de la personnalit\u00e9 \u00e0 une pi\u00e8ce \u00bb, explique Kasia Kronberger. \u00ab Cela permet \u00e9galement de bien diriger le regard. \u00bb L\u2019appartement est ainsi habill\u00e9 de tons verts, bleus, bruns, rouges doux et roses.<\/p>\n<p>Le tout est encadr\u00e9 par des notes terreuses et bois\u00e9es, d\u2019une part sous la forme d\u2019\u00e9l\u00e9ments en bois et de <a href=\"https:\/\/www.admagazine.fr\/article\/tendance-meubles-colores-grand-pari-2026\" target=\"_blank\" rel=\"noopener\">meubles<\/a>, mais aussi par le cr\u00e9pi \u00e0 la chaux sur les murs, qui est d\u2019une teinte plus claire que le plafond chaleureux. \u00ab Le lien avec l\u2019Espagne apport\u00e9 par le couple qui habite ici a \u00e9t\u00e9 pour moi un point d\u2019ancrage important \u00bb, explique l\u2019architecte. Associ\u00e9s au cr\u00e9pi, les carreaux faits main et les \u00ab couleurs du coucher de soleil \u00bb cr\u00e9ent une proximit\u00e9 avec la chaleur de la p\u00e9ninsule ib\u00e9rique. L\u2019int\u00e9rieur devait d\u00e9gager une sensation de chaleur et de profondeur \u2013 telle \u00e9tait l\u2019interpr\u00e9tation de Kasia Kronberger des sp\u00e9cifications <a href=\"https:\/\/www.admagazine.fr\/article\/tout-savoir-style-mid-century-modern\" target=\"_blank\" rel=\"noopener\">mid-century<\/a> apport\u00e9es par les propri\u00e9taires : \u00ab Je ne voulais pas prendre cela au pied de la lettre, mais j\u2019ai s\u00e9lectionn\u00e9 ce qui correspondait au lieu et \u00e0 ses habitants. \u00bb<\/p>\n","protected":false},"excerpt":{"rendered":"Un style mid-century et beaucoup de couleurs : cet appartement de 90 m\u00e8tres carr\u00e9s en Pologne a tout&hellip;\n","protected":false},"author":2,"featured_media":606822,"comment_status":"","ping_status":"","sticky":false,"template":"","format":"standard","meta":{"footnotes":""},"categories":[1358],"tags":[1348,1384,1385,1386,58,59,1011,27,57470,2437],"class_list":{"0":"post-606821","1":"post","2":"type-post","3":"status-publish","4":"format-standard","5":"has-post-thumbnail","7":"category-arts-et-design","8":"tag-arts","9":"tag-arts-and-design","10":"tag-arts-et-design","11":"tag-design","12":"tag-divertissement","13":"tag-entertainment","14":"tag-fr","15":"tag-france","16":"tag-mid-century","17":"tag-pologne"},"share_on_mastodon":{"url":"https:\/\/pubeurope.com\/@fr\/115739002324878551","error":""},"_links":{"self":[{"href":"https:\/\/www.europesays.com\/fr\/wp-json\/wp\/v2\/posts\/606821","targetHints":{"allow":["GET"]}}],"collection":[{"href":"https:\/\/www.europesays.com\/fr\/wp-json\/wp\/v2\/posts"}],"about":[{"href":"https:\/\/www.europesays.com\/fr\/wp-json\/wp\/v2\/types\/post"}],"author":[{"embeddable":true,"href":"https:\/\/www.europesays.com\/fr\/wp-json\/wp\/v2\/users\/2"}],"replies":[{"embeddable":true,"href":"https:\/\/www.europesays.com\/fr\/wp-json\/wp\/v2\/comments?post=606821"}],"version-history":[{"count":0,"href":"https:\/\/www.europesays.com\/fr\/wp-json\/wp\/v2\/posts\/606821\/revisions"}],"wp:featuredmedia":[{"embeddable":true,"href":"https:\/\/www.europesays.com\/fr\/wp-json\/wp\/v2\/media\/606822"}],"wp:attachment":[{"href":"https:\/\/www.europesays.com\/fr\/wp-json\/wp\/v2\/media?parent=606821"}],"wp:term":[{"taxonomy":"category","embeddable":true,"href":"https:\/\/www.europesays.com\/fr\/wp-json\/wp\/v2\/categories?post=606821"},{"taxonomy":"post_tag","embeddable":true,"href":"https:\/\/www.europesays.com\/fr\/wp-json\/wp\/v2\/tags?post=606821"}],"curies":[{"name":"wp","href":"https:\/\/api.w.org\/{rel}","templated":true}]}}