{"id":606827,"date":"2025-12-18T05:52:13","date_gmt":"2025-12-18T05:52:13","guid":{"rendered":"https:\/\/www.europesays.com\/fr\/606827\/"},"modified":"2025-12-18T05:52:13","modified_gmt":"2025-12-18T05:52:13","slug":"un-nouveau-mechant-emblematique-de-disney-va-avoir-droit-a-son-propre-film","status":"publish","type":"post","link":"https:\/\/www.europesays.com\/fr\/606827\/","title":{"rendered":"Un nouveau m\u00e9chant embl\u00e9matique de Disney va avoir droit \u00e0 son propre film"},"content":{"rendered":"<p class=\"ap-StoryElement ap-StoryElement--mb ap-StoryText\">Disney continue ses adaptations en \u00ab\u00a0live action\u00a0\u00bb. En plus de repenser ses classiques comme Aladdin, Le Roi Lion, La Belle et la B\u00eate ou encore Cendrillon, sans oublier Raiponce et Vaiana qui sont dans les tuyaux, les m\u00e9chants ont aussi droit \u00e0 leurs propres films. Ainsi, on a d\u00e9j\u00e0 pu d\u00e9couvrir l&rsquo;histoire de Mal\u00e9fique ou encore de Cruella, au cin\u00e9ma.<\/p>\n<p class=\"ap-StoryElement ap-StoryElement--mb ap-StoryText\">Un prochain vilain embl\u00e9matique va \u00e9galement avoir droit \u00e0 son heure de gloire. Il s&rsquo;agit de Gaston, le grand m\u00e9chant de La Belle et la B\u00eate. \u00c9gocentrique, \u00e9go\u00efste, manipulateur et harceleur, il fait tout son possible pour que Belle soit \u00e0 lui, allant m\u00eame jusqu&rsquo;\u00e0 vouloir tuer la B\u00eate.<\/p>\n<p>Pour acc\u00e9der \u00e0 cet article, veuillez vous connecter au r\u00e9seau internet.<\/p>\n","protected":false},"excerpt":{"rendered":"Disney continue ses adaptations en \u00ab\u00a0live action\u00a0\u00bb. En plus de repenser ses classiques comme Aladdin, Le Roi Lion,&hellip;\n","protected":false},"author":2,"featured_media":606828,"comment_status":"","ping_status":"","sticky":false,"template":"","format":"standard","meta":{"footnotes":""},"categories":[1354],"tags":[650,520,58,59,2081,1346,1011,27,18626,26187,26189,1360],"class_list":{"0":"post-606827","1":"post","2":"type-post","3":"status-publish","4":"format-standard","5":"has-post-thumbnail","7":"category-films","8":"tag-cinema","9":"tag-disney","10":"tag-divertissement","11":"tag-entertainment","12":"tag-film","13":"tag-films","14":"tag-fr","15":"tag-france","16":"tag-gaston","17":"tag-la-belle-et-la-bete","18":"tag-live-action","19":"tag-movies"},"share_on_mastodon":{"url":"https:\/\/pubeurope.com\/@fr\/115739017036802561","error":""},"_links":{"self":[{"href":"https:\/\/www.europesays.com\/fr\/wp-json\/wp\/v2\/posts\/606827","targetHints":{"allow":["GET"]}}],"collection":[{"href":"https:\/\/www.europesays.com\/fr\/wp-json\/wp\/v2\/posts"}],"about":[{"href":"https:\/\/www.europesays.com\/fr\/wp-json\/wp\/v2\/types\/post"}],"author":[{"embeddable":true,"href":"https:\/\/www.europesays.com\/fr\/wp-json\/wp\/v2\/users\/2"}],"replies":[{"embeddable":true,"href":"https:\/\/www.europesays.com\/fr\/wp-json\/wp\/v2\/comments?post=606827"}],"version-history":[{"count":0,"href":"https:\/\/www.europesays.com\/fr\/wp-json\/wp\/v2\/posts\/606827\/revisions"}],"wp:featuredmedia":[{"embeddable":true,"href":"https:\/\/www.europesays.com\/fr\/wp-json\/wp\/v2\/media\/606828"}],"wp:attachment":[{"href":"https:\/\/www.europesays.com\/fr\/wp-json\/wp\/v2\/media?parent=606827"}],"wp:term":[{"taxonomy":"category","embeddable":true,"href":"https:\/\/www.europesays.com\/fr\/wp-json\/wp\/v2\/categories?post=606827"},{"taxonomy":"post_tag","embeddable":true,"href":"https:\/\/www.europesays.com\/fr\/wp-json\/wp\/v2\/tags?post=606827"}],"curies":[{"name":"wp","href":"https:\/\/api.w.org\/{rel}","templated":true}]}}