{"id":606829,"date":"2025-12-18T05:53:16","date_gmt":"2025-12-18T05:53:16","guid":{"rendered":"https:\/\/www.europesays.com\/fr\/606829\/"},"modified":"2025-12-18T05:53:16","modified_gmt":"2025-12-18T05:53:16","slug":"cest-a-cet-age-que-vous-atteignez-le-top-de-vos-capacites-physiques-selon-la-science","status":"publish","type":"post","link":"https:\/\/www.europesays.com\/fr\/606829\/","title":{"rendered":"C\u2019est \u00e0 cet \u00e2ge que vous atteignez le top de vos capacit\u00e9s physiques, selon la science"},"content":{"rendered":"<p>        <img decoding=\"async\" loading=\"lazy\" src=\"https:\/\/www.europesays.com\/fr\/wp-content\/uploads\/2025\/12\/1e96843_upload-1-s9aptbnidgag-pexels-karola-g-4498553.jpg\"  width=\"728\" height=\"410\" alt=\"L\u2019\u00e9tude men\u00e9e par l\u2019Institut Karolinska, en Su\u00e8de, montre que la forme et la force physique commencent \u00e0 d\u00e9cliner d\u00e8s 35\u00a0ans.\"\/>  <\/p>\n<p>Pexels \/ Karola G<\/p>\n<p>L\u2019\u00e9tude men\u00e9e par l\u2019Institut Karolinska, en Su\u00e8de, montre que la forme et la force physique commencent \u00e0 d\u00e9cliner d\u00e8s 35\u00a0ans.<\/p>\n<p class=\"asset asset-text\">Si vous avez atteint un certain \u00e2ge, sans doute l\u2019avez-vous d\u00e9j\u00e0 remarqu\u00e9\u00a0: vos <a href=\"https:\/\/www.huffingtonpost.fr\/life\/article\/il-fait-trop-froid-pour-marcher-remplacez-les-trajets-a-pieds-par-ces-petits-exercices_257277.html\" target=\"_blank\" rel=\"noopener\">capacit\u00e9s physiques<\/a> et vos <a href=\"https:\/\/www.huffingtonpost.fr\/life\/article\/voici-quelques-exercices-que-vous-pouvez-faire-meme-si-vous-n-etes-pas-un-e-pro-du-fitness_117919.html\" target=\"_blank\" rel=\"noopener\">aptitudes sportives<\/a> ne sont plus tout \u00e0 fait celles que vous aviez dans votre prime jeunesse. Mais \u00e0 partir de quand, exactement, ont-elles commenc\u00e9 \u00e0 d\u00e9cliner\u00a0?<\/p>\n<p class=\"asset asset-text\">Pour le savoir, il faut se pencher sur les r\u00e9sultats de la derni\u00e8re \u00e9tude men\u00e9e par l\u2019Institut Karolinska, en Su\u00e8de. Publi\u00e9s dans le\u00a0<a href=\"https:\/\/onlinelibrary.wiley.com\/doi\/10.1002\/jcsm.70134\" target=\"_blank\" rel=\"noopener\" title=\"Nouvelle fen\u00eatre\">Journal of Cachexia, Sarcopenia and Muscle<\/a>, leurs travaux \u00e9clairent la fa\u00e7on dont nos capacit\u00e9s physiques \u00e9voluent <a href=\"https:\/\/www.huffingtonpost.fr\/life\/article\/le-sport-est-essentiel-a-la-longevite-voici-4-types-d-exercices-physiques-qui-aident-a-bien-vieillir_232861.html\" target=\"_blank\" rel=\"noopener\" title=\"Nouvelle fen\u00eatre\">\u00e0 mesure que l\u2019on vieillit<\/a>.<\/p>\n<p class=\"asset asset-text\">Jusqu\u2019\u00e0 pr\u00e9sent, les scientifiques s\u2019appuyaient sur des \u00e9tudes transversales men\u00e9es \u00e0 des moments pr\u00e9cis pour d\u00e9terminer l\u2019\u00e2ge auquel ces capacit\u00e9s d\u00e9clinent. Cette nouvelle \u00e9tude \u00ab\u00a0est l\u2019une des rares \u00e0 avoir mesur\u00e9 r\u00e9guli\u00e8rement, pendant pr\u00e8s de 50\u00a0ans, la condition physique et la force d\u2019un \u00e9chantillon al\u00e9atoire d\u2019hommes et de femmes \u00e0 travers la Su\u00e8de\u00a0\u00bb, pr\u00e9cise <a href=\"https:\/\/medicalxpress.com\/news\/2025-12-term-reveals-physical-ability-peaks.html\" target=\"_blank\" rel=\"noopener\" title=\"Nouvelle fen\u00eatre\">le communiqu\u00e9<\/a>.<\/p>\n<p>    L\u2019apog\u00e9e atteint \u00e0 35\u00a0ans    <\/p>\n<p class=\"asset asset-text\">Les chercheurs de l\u2019Institut Karolinska ont suivi pendant 47\u00a0ans plus de 400\u00a0femmes et hommes s\u00e9lectionn\u00e9s au hasard, tous n\u00e9s en 1958. De leurs 16\u00a0\u00e0 63\u00a0ans, ils ont r\u00e9guli\u00e8rement mesur\u00e9 leur forme physique et leur force.<\/p>\n<p class=\"asset asset-text\">Les r\u00e9sultats montrent que ces deux mesures atteignent leur performance maximale \u00e0 35\u00a0ans en moyenne, avant de d\u00e9cliner progressivement et ce, ind\u00e9pendamment du <a href=\"https:\/\/www.huffingtonpost.fr\/life\/article\/30-minutes-de-sport-le-minimum-pour-que-ce-soit-efficace-une-coach-et-un-medecin-nous-repondent_212868.html\" target=\"_blank\" rel=\"noopener\">volume d\u2019entra\u00eenement<\/a> des participants. Cette d\u00e9t\u00e9rioration progressive s\u2019acc\u00e9l\u00e8re d\u2019ailleurs avec l\u2019\u00e2ge. \u00ab\u00a0Le taux de d\u00e9clin \u00e9tait initialement faible, mais il a augment\u00e9 avec l\u2019\u00e2ge chez les deux sexes, sans diff\u00e9rence entre eux\u00a0\u00bb, \u00e9crivent les chercheurs.<\/p>\n<p class=\"asset asset-text\">\u00ab\u00a0Ceci confirme l\u2019id\u00e9e qu\u2019un d\u00e9clin des capacit\u00e9s physiques peut \u00eatre observ\u00e9 avant l\u2019\u00e2ge de 40\u00a0ans, ce qui peut ult\u00e9rieurement entra\u00eener un dysfonctionnement physique cliniquement significatif, notamment chez les personnes ayant un mode de vie s\u00e9dentaire\u00a0\u00bb, poursuivent-ils.<\/p>\n<p>    \u00ab\u00a0Il n\u2019est jamais trop tard pour se mettre en mouvement\u00a0\u00bb    <\/p>\n<p class=\"asset asset-text\">La bonne nouvelle est que ce d\u00e9clin de la condition physique est loin d\u2019\u00eatre une fatalit\u00e9. Ainsi, les participants ayant commenc\u00e9 \u00e0 pratiquer une activit\u00e9 physique r\u00e9guli\u00e8re \u00e0 l\u2019\u00e2ge adulte ont r\u00e9ussi \u00e0 am\u00e9liorer leurs capacit\u00e9s physiques de 5\u00a0\u00e0 10\u00a0%.<\/p>\n<p class=\"asset asset-text\">\u00ab\u00a0Il n\u2019est jamais trop tard pour <a href=\"https:\/\/www.huffingtonpost.fr\/life\/article\/comment-se-remettre-au-sport-quand-on-a-tout-arrete-depuis-le-premier-confinement_186780.html\" target=\"_blank\" rel=\"noopener\">se mettre en mouvement<\/a>, assure Maria Westerstahl, ma\u00eetresse de conf\u00e9rences au D\u00e9partement de m\u00e9decine de laboratoire et autrice principale des travaux. Notre \u00e9tude montre que l\u2019activit\u00e9 physique peut ralentir le d\u00e9clin des performances, m\u00eame si elle ne peut pas l\u2019arr\u00eater compl\u00e8tement.\u00a0\u00bb<\/p>\n<p class=\"asset asset-text\">Les auteurs souhaitent d\u00e9sormais mener des travaux compl\u00e9mentaires pour d\u00e9couvrir pourquoi les humains atteignent leur performance maximale \u00e0 35\u00a0ans et \u00ab\u00a0pourquoi l\u2019activit\u00e9 physique peut ralentir la perte de performance sans toutefois l\u2019enrayer totalement\u00a0\u00bb.<\/p>\n<p class=\"asset asset-text\">Les scientifiques esp\u00e8rent aussi poursuivre l\u2019\u00e9tude l\u2019ann\u00e9e prochaine avec les m\u00eames participants, qui auront alors 68\u00a0ans afin d\u2019\u00e9tablir des liens plus clairs entre les capacit\u00e9s physiques, le mode de vie, la sant\u00e9 et les m\u00e9canismes biologiques.<\/p>\n","protected":false},"excerpt":{"rendered":"Pexels \/ Karola G L\u2019\u00e9tude men\u00e9e par l\u2019Institut Karolinska, en Su\u00e8de, montre que la forme et la force&hellip;\n","protected":false},"author":2,"featured_media":606830,"comment_status":"","ping_status":"","sticky":false,"template":"","format":"standard","meta":{"footnotes":""},"categories":[10],"tags":[5897,4983,4988,1011,27,72,5656,71],"class_list":{"0":"post-606829","1":"post","2":"type-post","3":"status-publish","4":"format-standard","5":"has-post-thumbnail","7":"category-sante","8":"tag-activite-physique","9":"tag-bien-etre","10":"tag-forme","11":"tag-fr","12":"tag-france","13":"tag-health","14":"tag-life","15":"tag-sante"},"share_on_mastodon":{"url":"https:\/\/pubeurope.com\/@fr\/115739021518612576","error":""},"_links":{"self":[{"href":"https:\/\/www.europesays.com\/fr\/wp-json\/wp\/v2\/posts\/606829","targetHints":{"allow":["GET"]}}],"collection":[{"href":"https:\/\/www.europesays.com\/fr\/wp-json\/wp\/v2\/posts"}],"about":[{"href":"https:\/\/www.europesays.com\/fr\/wp-json\/wp\/v2\/types\/post"}],"author":[{"embeddable":true,"href":"https:\/\/www.europesays.com\/fr\/wp-json\/wp\/v2\/users\/2"}],"replies":[{"embeddable":true,"href":"https:\/\/www.europesays.com\/fr\/wp-json\/wp\/v2\/comments?post=606829"}],"version-history":[{"count":0,"href":"https:\/\/www.europesays.com\/fr\/wp-json\/wp\/v2\/posts\/606829\/revisions"}],"wp:featuredmedia":[{"embeddable":true,"href":"https:\/\/www.europesays.com\/fr\/wp-json\/wp\/v2\/media\/606830"}],"wp:attachment":[{"href":"https:\/\/www.europesays.com\/fr\/wp-json\/wp\/v2\/media?parent=606829"}],"wp:term":[{"taxonomy":"category","embeddable":true,"href":"https:\/\/www.europesays.com\/fr\/wp-json\/wp\/v2\/categories?post=606829"},{"taxonomy":"post_tag","embeddable":true,"href":"https:\/\/www.europesays.com\/fr\/wp-json\/wp\/v2\/tags?post=606829"}],"curies":[{"name":"wp","href":"https:\/\/api.w.org\/{rel}","templated":true}]}}