{"id":606838,"date":"2025-12-18T05:58:12","date_gmt":"2025-12-18T05:58:12","guid":{"rendered":"https:\/\/www.europesays.com\/fr\/606838\/"},"modified":"2025-12-18T05:58:12","modified_gmt":"2025-12-18T05:58:12","slug":"une-rencontre-entre-emissaires-russes-et-americains-aura-lieu-a-miami-ce-week-end","status":"publish","type":"post","link":"https:\/\/www.europesays.com\/fr\/606838\/","title":{"rendered":"une rencontre entre \u00e9missaires russes et am\u00e9ricains aura lieu \u00e0 Miami ce week-end"},"content":{"rendered":"<p>   L\u2019utilisation des avoirs russes gel\u00e9s au c\u0153ur du sommet de l\u2019UE \u00e0 Bruxelles, jeudi             <\/p>\n<p class=\"post__live-container--answer-text post__space-node\">Face aux Etats-Unis, l\u2019Union europ\u00e9enne (UE) joue une part de sa cr\u00e9dibilit\u00e9 lors d\u2019un sommet de ses dirigeants jeudi \u00e0 Bruxelles, o\u00f9 sont attendues des d\u00e9cisions cruciales et difficiles sur l\u2019utilisation des avoirs russes gel\u00e9s pour aider l\u2019Ukraine.<\/p>\n<p class=\"post__live-container--answer-text post__space-node\">Les Europ\u00e9ens se sont engag\u00e9s \u00e0 assurer, au cours des deux prochaines ann\u00e9es, l\u2019essentiel du soutien financier et militaire \u00e0 Kiev, apr\u00e8s la fermeture du robinet am\u00e9ricain d\u00e9cid\u00e9e par Donald Trump. Et s\u2019il n\u2019y a pas de d\u00e9cision, l\u2019Ukraine sera \u00e0 court d\u2019argent d\u00e8s le premier trimestre 2026.<\/p>\n<p class=\"post__live-container--answer-text post__space-node\">\u00ab\u00a0Si nous n\u2019arrivons pas \u00e0 le faire, la capacit\u00e9 d\u2019action de l\u2019Union europ\u00e9enne sera gravement compromise pour des ann\u00e9es, et m\u00eame plus longtemps\u00a0\u00bb, a mis en garde le chancelier allemand, Friedrich Merz, en d\u00e9but de semaine.<\/p>\n<p class=\"post__live-container--answer-text post__space-node\">Le pr\u00e9sident ukrainien, Volodymyr Zelensky, fera le d\u00e9placement \u00e0 Bruxelles pour convaincre ses alli\u00e9s europ\u00e9ens de l\u2019importance de cette d\u00e9cision, apr\u00e8s pr\u00e8s de quatre ans de guerre.<\/p>\n<p class=\"post__live-container--answer-text post__space-node\">Deux options sont officiellement sur la table. L\u2019UE pourrait emprunter, mais plusieurs pays y sont tr\u00e8s r\u00e9ticents, dont l\u2019Allemagne, et au moins un Etat membre, la Hongrie, s\u2019y oppose totalement. Or, une telle d\u00e9cision requiert l\u2019unanimit\u00e9.<\/p>\n<p class=\"post__live-container--answer-text post__space-node\">Reste alors un recours aux avoirs gel\u00e9s russes, dont l\u2019essentiel, 210\u00a0milliards d\u2019euros, se trouve en Belgique, sous le contr\u00f4le de la soci\u00e9t\u00e9 Euroclear, institution financi\u00e8re bas\u00e9e \u00e0 Bruxelles. Ces avoirs permettraient de financer un \u00ab\u00a0pr\u00eat de r\u00e9paration\u00a0\u00bb en faveur de Kiev de 90\u00a0milliards d\u2019euros, voire davantage si n\u00e9cessaire.<\/p>\n<p class=\"post__live-container--answer-text post__space-node\">Une tr\u00e8s large majorit\u00e9 des pays de l\u2019UE y sont favorables. Et pour cause\u00a0: cette solution ne co\u00fbte rien au contribuable, elle envoie un signal fort sur l\u2019engagement des Europ\u00e9ens aux c\u00f4t\u00e9s de l\u2019Ukraine et un message clair d\u2019ind\u00e9pendance au moment o\u00f9 ces avoirs sont aussi un enjeu des pourparlers de paix conduits par Washington.<\/p>\n<p class=\"post__live-container--answer-text post__space-node\">Les avoirs russes \u00ab\u00a0peuvent changer la donne pour l\u2019Europe et pour l\u2019Ukraine\u00a0\u00bb, a soulign\u00e9 la pr\u00e9sidente de la commission europ\u00e9enne, Ursula von der Leyen, devant le Parlement europ\u00e9en \u00e0 Strasbourg. C\u2019est \u00ab\u00a0le moment de l\u2019ind\u00e9pendance de l\u2019Europe\u00a0\u00bb, a-t-elle martel\u00e9.<\/p>\n<p class=\"post__live-container--answer-text post__space-node\">Encore faut-il convaincre la Belgique, qui d\u00e9tient la cl\u00e9 du coffre. Son premier ministre, Bart De Wever, ne cesse de le rappeler\u00a0: pas question que son pays soit le seul \u00e0 payer les pots cass\u00e9s en cas de repr\u00e9sailles juridiques et financi\u00e8res de Moscou.<\/p>\n","protected":false},"excerpt":{"rendered":"L\u2019utilisation des avoirs russes gel\u00e9s au c\u0153ur du sommet de l\u2019UE \u00e0 Bruxelles, jeudi Face aux Etats-Unis, l\u2019Union&hellip;\n","protected":false},"author":2,"featured_media":606839,"comment_status":"","ping_status":"","sticky":false,"template":"","format":"standard","meta":{"footnotes":""},"categories":[5],"tags":[11,1011,27,14,12,28],"class_list":{"0":"post-606838","1":"post","2":"type-post","3":"status-publish","4":"format-standard","5":"has-post-thumbnail","7":"category-international","8":"tag-actualites","9":"tag-fr","10":"tag-france","11":"tag-international","12":"tag-news","13":"tag-world"},"share_on_mastodon":{"url":"https:\/\/pubeurope.com\/@fr\/115739040571275915","error":""},"_links":{"self":[{"href":"https:\/\/www.europesays.com\/fr\/wp-json\/wp\/v2\/posts\/606838","targetHints":{"allow":["GET"]}}],"collection":[{"href":"https:\/\/www.europesays.com\/fr\/wp-json\/wp\/v2\/posts"}],"about":[{"href":"https:\/\/www.europesays.com\/fr\/wp-json\/wp\/v2\/types\/post"}],"author":[{"embeddable":true,"href":"https:\/\/www.europesays.com\/fr\/wp-json\/wp\/v2\/users\/2"}],"replies":[{"embeddable":true,"href":"https:\/\/www.europesays.com\/fr\/wp-json\/wp\/v2\/comments?post=606838"}],"version-history":[{"count":0,"href":"https:\/\/www.europesays.com\/fr\/wp-json\/wp\/v2\/posts\/606838\/revisions"}],"wp:featuredmedia":[{"embeddable":true,"href":"https:\/\/www.europesays.com\/fr\/wp-json\/wp\/v2\/media\/606839"}],"wp:attachment":[{"href":"https:\/\/www.europesays.com\/fr\/wp-json\/wp\/v2\/media?parent=606838"}],"wp:term":[{"taxonomy":"category","embeddable":true,"href":"https:\/\/www.europesays.com\/fr\/wp-json\/wp\/v2\/categories?post=606838"},{"taxonomy":"post_tag","embeddable":true,"href":"https:\/\/www.europesays.com\/fr\/wp-json\/wp\/v2\/tags?post=606838"}],"curies":[{"name":"wp","href":"https:\/\/api.w.org\/{rel}","templated":true}]}}