{"id":606843,"date":"2025-12-18T06:01:14","date_gmt":"2025-12-18T06:01:14","guid":{"rendered":"https:\/\/www.europesays.com\/fr\/606843\/"},"modified":"2025-12-18T06:01:14","modified_gmt":"2025-12-18T06:01:14","slug":"on-entre-en-periode-de-tension","status":"publish","type":"post","link":"https:\/\/www.europesays.com\/fr\/606843\/","title":{"rendered":"\u00ab\u00a0On entre en p\u00e9riode de tension\u00a0\u00bb"},"content":{"rendered":"<p>\u00c0 l\u2019h\u00f4pital Le Corbusier, les \u00e9quipes se pr\u00e9parent \u00e0 vivre le m\u00eame sc\u00e9nario que l\u2019ann\u00e9e derni\u00e8re. Une \u00e9pid\u00e9mie de grippe qui monte en puissance avant No\u00ebl et qui laisse pr\u00e9sager une p\u00e9riode de f\u00eates compliqu\u00e9e.<\/p>\n<p>\u00ab\u00a0On avait commenc\u00e9 \u00e0 avoir les premiers rebonds mi-d\u00e9cembre et on est pass\u00e9 en p\u00e9riode de tension hospitali\u00e8re au moment des f\u00eates, juste apr\u00e8s No\u00ebl\u00a0\u00bb, se souvient le docteur Fran\u00e7ois Ballereau, responsable du service des Urgences.<\/p>\n<p>\u00ab\u00a0La derni\u00e8re semaine de d\u00e9cembre et la premi\u00e8re de janvier, on a d\u00fb mettre en place nos proc\u00e9dures d\u2019h\u00f4pital en tension. Et on a le sentiment qu\u2019on part <a href=\"https:\/\/www.leprogres.fr\/sante\/2025\/10\/05\/grippe-quelle-ampleur-a-eu-l-epidemie-2024-dans-votre-departement\" target=\"_blank\" rel=\"noopener\">sur la m\u00eame&#8230;<\/a><\/p>\n","protected":false},"excerpt":{"rendered":"\u00c0 l\u2019h\u00f4pital Le Corbusier, les \u00e9quipes se pr\u00e9parent \u00e0 vivre le m\u00eame sc\u00e9nario que l\u2019ann\u00e9e derni\u00e8re. Une \u00e9pid\u00e9mie&hellip;\n","protected":false},"author":2,"featured_media":606844,"comment_status":"","ping_status":"","sticky":false,"template":"","format":"standard","meta":{"footnotes":""},"categories":[9653],"tags":[1111,11,2430,7539,1777,674,10282,10283,1011,27,12,25,4001,71],"class_list":{"0":"post-606843","1":"post","2":"type-post","3":"status-publish","4":"format-standard","5":"has-post-thumbnail","7":"category-saint-etienne","8":"tag-actu","9":"tag-actualites","10":"tag-auvergne-rhone-alpes","11":"tag-edition-loire-sud","12":"tag-eu","13":"tag-europe","14":"tag-firminy","15":"tag-firminy-ville","16":"tag-fr","17":"tag-france","18":"tag-news","19":"tag-republique-francaise","20":"tag-saint-etienne","21":"tag-sante"},"share_on_mastodon":{"url":"https:\/\/pubeurope.com\/@fr\/115739052309383026","error":""},"_links":{"self":[{"href":"https:\/\/www.europesays.com\/fr\/wp-json\/wp\/v2\/posts\/606843","targetHints":{"allow":["GET"]}}],"collection":[{"href":"https:\/\/www.europesays.com\/fr\/wp-json\/wp\/v2\/posts"}],"about":[{"href":"https:\/\/www.europesays.com\/fr\/wp-json\/wp\/v2\/types\/post"}],"author":[{"embeddable":true,"href":"https:\/\/www.europesays.com\/fr\/wp-json\/wp\/v2\/users\/2"}],"replies":[{"embeddable":true,"href":"https:\/\/www.europesays.com\/fr\/wp-json\/wp\/v2\/comments?post=606843"}],"version-history":[{"count":0,"href":"https:\/\/www.europesays.com\/fr\/wp-json\/wp\/v2\/posts\/606843\/revisions"}],"wp:featuredmedia":[{"embeddable":true,"href":"https:\/\/www.europesays.com\/fr\/wp-json\/wp\/v2\/media\/606844"}],"wp:attachment":[{"href":"https:\/\/www.europesays.com\/fr\/wp-json\/wp\/v2\/media?parent=606843"}],"wp:term":[{"taxonomy":"category","embeddable":true,"href":"https:\/\/www.europesays.com\/fr\/wp-json\/wp\/v2\/categories?post=606843"},{"taxonomy":"post_tag","embeddable":true,"href":"https:\/\/www.europesays.com\/fr\/wp-json\/wp\/v2\/tags?post=606843"}],"curies":[{"name":"wp","href":"https:\/\/api.w.org\/{rel}","templated":true}]}}