{"id":606849,"date":"2025-12-18T06:05:15","date_gmt":"2025-12-18T06:05:15","guid":{"rendered":"https:\/\/www.europesays.com\/fr\/606849\/"},"modified":"2025-12-18T06:05:15","modified_gmt":"2025-12-18T06:05:15","slug":"anciens-ou-neufs-on-fait-le-point-sur-les-prix-de-vente-par-secteur-dans-le-departement","status":"publish","type":"post","link":"https:\/\/www.europesays.com\/fr\/606849\/","title":{"rendered":"anciens ou neufs, on fait le point sur les prix de vente par secteur dans le d\u00e9partement"},"content":{"rendered":"<p>\u00ab\u00a0Dans le contexte international et la morosit\u00e9 \u00e9conomique que nous connaissons actuellement, le march\u00e9 de l\u2019immobilier devrait compl\u00e8tement \u00eatre atone\u00a0\u00bb, analysent Me Dominique Bravetti et Me Damien G\u00e9gout, notaires \u00e0 Vand\u0153uvre-l\u00e8s-Nancy et Nancy. \u00ab\u00a0Pourtant, on constate qu\u2019il y a une l\u00e9g\u00e8re tendance \u00e0 la reprise\u00a0\u00bb.<\/p>\n<p>Les deux officiers minist\u00e9riels, qui font partie de l\u2019Observatoire de&#8230;<\/p>\n","protected":false},"excerpt":{"rendered":"\u00ab\u00a0Dans le contexte international et la morosit\u00e9 \u00e9conomique que nous connaissons actuellement, le march\u00e9 de l\u2019immobilier devrait compl\u00e8tement&hellip;\n","protected":false},"author":2,"featured_media":606850,"comment_status":"","ping_status":"","sticky":false,"template":"","format":"standard","meta":{"footnotes":""},"categories":[9635],"tags":[1111,11,1707,1704,1706,1705,1777,674,1011,27,775,1908,3457,1702,1703,12,25,104],"class_list":{"0":"post-606849","1":"post","2":"type-post","3":"status-publish","4":"format-standard","5":"has-post-thumbnail","7":"category-nancy","8":"tag-actu","9":"tag-actualites","10":"tag-edition-luneville","11":"tag-edition-nancy-et-agglomeration","12":"tag-edition-pont-a-mousson","13":"tag-edition-toul","14":"tag-eu","15":"tag-europe","16":"tag-fr","17":"tag-france","18":"tag-grand-est","19":"tag-logement","20":"tag-meurthe-et-moselle","21":"tag-nancy","22":"tag-nancy-ville-54b","23":"tag-news","24":"tag-republique-francaise","25":"tag-societe"},"share_on_mastodon":{"url":"https:\/\/pubeurope.com\/@fr\/115739067918659814","error":""},"_links":{"self":[{"href":"https:\/\/www.europesays.com\/fr\/wp-json\/wp\/v2\/posts\/606849","targetHints":{"allow":["GET"]}}],"collection":[{"href":"https:\/\/www.europesays.com\/fr\/wp-json\/wp\/v2\/posts"}],"about":[{"href":"https:\/\/www.europesays.com\/fr\/wp-json\/wp\/v2\/types\/post"}],"author":[{"embeddable":true,"href":"https:\/\/www.europesays.com\/fr\/wp-json\/wp\/v2\/users\/2"}],"replies":[{"embeddable":true,"href":"https:\/\/www.europesays.com\/fr\/wp-json\/wp\/v2\/comments?post=606849"}],"version-history":[{"count":0,"href":"https:\/\/www.europesays.com\/fr\/wp-json\/wp\/v2\/posts\/606849\/revisions"}],"wp:featuredmedia":[{"embeddable":true,"href":"https:\/\/www.europesays.com\/fr\/wp-json\/wp\/v2\/media\/606850"}],"wp:attachment":[{"href":"https:\/\/www.europesays.com\/fr\/wp-json\/wp\/v2\/media?parent=606849"}],"wp:term":[{"taxonomy":"category","embeddable":true,"href":"https:\/\/www.europesays.com\/fr\/wp-json\/wp\/v2\/categories?post=606849"},{"taxonomy":"post_tag","embeddable":true,"href":"https:\/\/www.europesays.com\/fr\/wp-json\/wp\/v2\/tags?post=606849"}],"curies":[{"name":"wp","href":"https:\/\/api.w.org\/{rel}","templated":true}]}}