{"id":606855,"date":"2025-12-18T06:08:11","date_gmt":"2025-12-18T06:08:11","guid":{"rendered":"https:\/\/www.europesays.com\/fr\/606855\/"},"modified":"2025-12-18T06:08:11","modified_gmt":"2025-12-18T06:08:11","slug":"photographie-par-une-victime-lauteur-de-deux-tentatives-deffraction-sur-des-maisons-a-montpellier-interpelle-par-la-police","status":"publish","type":"post","link":"https:\/\/www.europesays.com\/fr\/606855\/","title":{"rendered":"Photographi\u00e9 par une victime, l\u2019auteur de deux tentatives d\u2019effraction sur des maisons, \u00e0 Montpellier, interpell\u00e9 par la police"},"content":{"rendered":"<p>\n                                                                Un homme de 34 ans a \u00e9t\u00e9 interpell\u00e9 lundi 15\u00a0d\u00e9cembre dans le quartier du Plan des 4-Seigneurs \u00e0 Montpellier. Mis en fuite et pris en photo alors qu\u2019il venait de fracturer un volet dans une propri\u00e9t\u00e9, il a r\u00e9cidiv\u00e9 un peu plus tard avant d\u2019\u00eatre interpell\u00e9 par la police nationale.\n                            <\/p>\n<p>Lundi 15\u00a0d\u00e9cembre, il est 8\u00a0h\u00a030 quand un habitant du quartier du Plan des 4 Seigneurs, \u00e0 Montpellier, remarque la pr\u00e9sence d\u2019un individu dans sa propri\u00e9t\u00e9, gr\u00e2ce \u00e0 une\u00a0cam\u00e9ra\u00a0de vid\u00e9o-surveillance install\u00e9e dans son jardin. Quand il le met en fuite, l\u2019homme \u00e9tait d\u00e9j\u00e0 en train de fracturer un volet pour p\u00e9n\u00e9trer dans la maison.<\/p>\n<p>Le malfaiteur interpell\u00e9 une demi-heure plus tard<\/p>\n<p>La victime de la tentative d\u2019effraction a juste le temps de prendre une photo du malfaiteur, et alerte aussit\u00f4t la police nationale. D\u00e9p\u00each\u00e9e sur les lieux, la brigade anti-criminalit\u00e9 parvient \u00e0 rep\u00e9rer le mis en cause une demi-heure plus tard. Il essayait \u00e0 nouveau de s\u2019introduire dans une maison, dont il venait de d\u00e9clencher l\u2019alarme.<\/p>\n<p>Sous OQTF<\/p>\n<p>Interpell\u00e9 et plac\u00e9 en garde \u00e0 vue, cet Alg\u00e9rien de 34 ans, sous obligation de quitter le territoire depuis 2022, explique aux policiers qu\u2019il n\u2019avait pas l\u2019intention de cambrioler ces maisons, mais de les squatter, les croyant inoccup\u00e9es.<\/p>\n<p>Il a \u00e9t\u00e9 d\u00e9f\u00e9r\u00e9 au parquet de Montpellier mardi 16\u00a0d\u00e9cembre et sera jug\u00e9 pour tentative de vol par effraction.<\/p>\n","protected":false},"excerpt":{"rendered":"Un homme de 34 ans a \u00e9t\u00e9 interpell\u00e9 lundi 15\u00a0d\u00e9cembre dans le quartier du Plan des 4-Seigneurs \u00e0&hellip;\n","protected":false},"author":2,"featured_media":606856,"comment_status":"","ping_status":"","sticky":false,"template":"","format":"standard","meta":{"footnotes":""},"categories":[9599],"tags":[1111,11,1777,674,118,1011,27,7089,2208,12,2680,25],"class_list":{"0":"post-606855","1":"post","2":"type-post","3":"status-publish","4":"format-standard","5":"has-post-thumbnail","7":"category-montpellier","8":"tag-actu","9":"tag-actualites","10":"tag-eu","11":"tag-europe","12":"tag-faits-divers","13":"tag-fr","14":"tag-france","15":"tag-herault","16":"tag-montpellier","17":"tag-news","18":"tag-occitanie","19":"tag-republique-francaise"},"share_on_mastodon":{"url":"https:\/\/pubeurope.com\/@fr\/115739079776074980","error":""},"_links":{"self":[{"href":"https:\/\/www.europesays.com\/fr\/wp-json\/wp\/v2\/posts\/606855","targetHints":{"allow":["GET"]}}],"collection":[{"href":"https:\/\/www.europesays.com\/fr\/wp-json\/wp\/v2\/posts"}],"about":[{"href":"https:\/\/www.europesays.com\/fr\/wp-json\/wp\/v2\/types\/post"}],"author":[{"embeddable":true,"href":"https:\/\/www.europesays.com\/fr\/wp-json\/wp\/v2\/users\/2"}],"replies":[{"embeddable":true,"href":"https:\/\/www.europesays.com\/fr\/wp-json\/wp\/v2\/comments?post=606855"}],"version-history":[{"count":0,"href":"https:\/\/www.europesays.com\/fr\/wp-json\/wp\/v2\/posts\/606855\/revisions"}],"wp:featuredmedia":[{"embeddable":true,"href":"https:\/\/www.europesays.com\/fr\/wp-json\/wp\/v2\/media\/606856"}],"wp:attachment":[{"href":"https:\/\/www.europesays.com\/fr\/wp-json\/wp\/v2\/media?parent=606855"}],"wp:term":[{"taxonomy":"category","embeddable":true,"href":"https:\/\/www.europesays.com\/fr\/wp-json\/wp\/v2\/categories?post=606855"},{"taxonomy":"post_tag","embeddable":true,"href":"https:\/\/www.europesays.com\/fr\/wp-json\/wp\/v2\/tags?post=606855"}],"curies":[{"name":"wp","href":"https:\/\/api.w.org\/{rel}","templated":true}]}}