{"id":606859,"date":"2025-12-18T06:10:13","date_gmt":"2025-12-18T06:10:13","guid":{"rendered":"https:\/\/www.europesays.com\/fr\/606859\/"},"modified":"2025-12-18T06:10:13","modified_gmt":"2025-12-18T06:10:13","slug":"des-salaries-harceles-et-espionnes-dans-cet-intermarche-de-rouen-la-direction-se-defend","status":"publish","type":"post","link":"https:\/\/www.europesays.com\/fr\/606859\/","title":{"rendered":"Des salari\u00e9s \u00ab harcel\u00e9s \u00bb et \u00ab espionn\u00e9s \u00bb dans cet Intermarch\u00e9 de Rouen ? La direction se d\u00e9fend"},"content":{"rendered":"<p>                    Par<br \/>\n        <strong><br \/>\n            <a href=\"https:\/\/actu.fr\/auteur\/yann-rivallan\" title=\"Consulter tous les articles de Yann Rivallan\" target=\"_blank\" rel=\"noopener\">Yann Rivallan<\/a><br \/>\n                    <\/strong><\/p>\n<p>        Publi\u00e9 le<\/p>\n<p>            18 d\u00e9c. 2025 \u00e0 7h02        <\/p>\n<p>Que se passe-t-il \u00e0 l\u2019<strong>Intermarch\u00e9 Saint-Marc<\/strong> \u00e0 <a href=\"https:\/\/actu.fr\/normandie\/rouen_76540\" target=\"_blank\" rel=\"noopener\">Rouen<\/a>\u2009? Depuis quelques jours, plusieurs salari\u00e9s du magasin font entendre leur voix et d\u00e9noncent leurs conditions de travail. Selon une salari\u00e9e interrog\u00e9e par 76actu, le dirigeant de ce supermarch\u00e9 ferait r\u00e9gner depuis plusieurs mois un climat d\u00e9l\u00e9t\u00e8re, \u00e0 coup de <strong>\u00ab\u2009harc\u00e8lement moral\u2009\u00bb<\/strong> ou encore <strong>\u00ab\u2009d\u2019espionnage\u2009\u00bb<\/strong> pendant leurs heures de service.\u00a0<\/p>\n<p>Un d\u00e9brayage pour d\u00e9noncer les conditions de travail<\/p>\n<p class=\" wall-content\">Lundi 15\u00a0d\u00e9cembre 2025, une bonne trentaine de salari\u00e9s, selon nos informations, ont organis\u00e9 un \u00ab\u2009d\u00e9brayage\u2009\u00bb. Autrement dit, <strong>un mouvement de gr\u00e8ve<\/strong> d\u2019une heure pour d\u00e9noncer leurs conditions de travail. Le magasin est rest\u00e9 inaccessible aux clients.<\/p>\n<p class=\" wall-content\">Selon une salari\u00e9e qui souhaite rester anonyme, ce d\u00e9brayage a \u00e9t\u00e9 organis\u00e9 apr\u00e8s des mois de difficult\u00e9s. Deux \u00e9changes muscl\u00e9s entre le directeur et des salari\u00e9s au cours du week-end auraient fait \u00ab\u2009d\u00e9border le vase\u2009\u00bb, selon notre source.<\/p>\n<p>Des salari\u00e9s harcel\u00e9s et espionn\u00e9s\u2009?<\/p>\n<p class=\" wall-content\">Plusieurs employ\u00e9s accusent leur dirigeant de <strong>les \u00ab\u2009harceler<\/strong> en nous r\u00e9p\u00e9tant en boucle les m\u00eames choses, alors qu\u2019on conna\u00eet notre boulot\u2009\u00bb, souffle l\u2019une d\u2019entre eux.<\/p>\n<p class=\" wall-content\">Selon elle, le dirigeant aurait tendance \u00e0 <strong>\u00ab\u2009espionner les salari\u00e9s<\/strong> pendant leurs heures de travail avec les cam\u00e9ras du magasin\u2009\u00bb. Un \u00ab\u2009flicage\u2009\u00bb qui participe aux tensions en interne, nous explique-t-on.<\/p>\n<blockquote class=\"ac-article-quote wall-content\">\n<p>Tout ce qu&rsquo;on veut, c&rsquo;est du respect.<\/p>\n<p>    <strong>Une salari\u00e9e du Intermarch\u00e9<\/strong>\n            <\/p><\/blockquote>\n<p class=\" wall-content\">Et puis, l\u2019autre point noir soulev\u00e9\u2009: l\u2019assignation de certains salari\u00e9s \u00e0 des t\u00e2ches qui ne rentrent pas dans les missions de leurs contrats. Par exemple\u2009: \u00ab\u2009Certains doivent s\u2019occuper du parking du magasin alors qu\u2019ils travaillent en caisse\u2009\u00bb. Plusieurs salari\u00e9s font \u00e9galement \u00e9tat d\u2019un <strong>surmenage<\/strong>.<\/p>\n<p>Votre r\u00e9gion, votre actu !<\/p>\n<p>Recevez chaque jour les infos qui comptent pour vous.<\/p>\n<p>\t<a href=\"https:\/\/actu.fr\/newsletter\" class=\"ac-btn ac-btn--corner ac-btn--medium ac-btn--blue800\" target=\"_blank\" rel=\"noopener\">S&rsquo;incrire<\/a><br \/>\nLe directeur r\u00e9fute les accusations<\/p>\n<p class=\" wall-content\">Contact\u00e9, le dirigeant de ce magasin franchis\u00e9 n\u2019a pas r\u00e9pondu directement. Mais son directeur, M. Landragin, <strong>r\u00e9fute les propos de salari\u00e9s<\/strong> rapport\u00e9s dans la presse\u2009: \u00ab\u2009Il n\u2019y a jamais eu d\u2019insultes dans ce magasin et on ne comprend pas du tout [ce mouvement].\u2009\u00bb<\/p>\n<p class=\" wall-content\">D\u2019apr\u00e8s lui, toutes ces accusations ne repr\u00e9sentent \u00ab\u2009pas la r\u00e9alit\u00e9, c\u2019est une perception [de certains salari\u00e9s, NDLR]\u2009\u00bb. Le directeur, qui n\u2019est pas mis en cause dans cette affaire, estime qu\u2019il n\u2019y a pas lieu de \u00ab\u2009rentrer dans la pol\u00e9mique\u2009\u00bb.<\/p>\n<p class=\" wall-content\">Il annonce que la direction a <strong>re\u00e7u les d\u00e9l\u00e9gu\u00e9s du personnel<\/strong> lors d\u2019une r\u00e9union dans la matin\u00e9e du mercredi 17\u00a0d\u00e9cembre 2025. \u00ab\u2009Nous avons r\u00e9pondu \u00e0 toutes leurs questions, explique-t-il. Maintenant, ils vont se concerter et nous verrons les suites.\u2009\u00bb<\/p>\n<p class=\" wall-content\">L\u2019heure est donc au dialogue au supermarch\u00e9. Du c\u00f4t\u00e9 des salari\u00e9s, on esp\u00e8re que les dol\u00e9ances seront entendues et respect\u00e9es.<\/p>\n<p>Suivez l\u2019actualit\u00e9 de Rouen sur <a href=\"https:\/\/www.whatsapp.com\/channel\/0029VaKfnf99hXF2ddApFB1D\" target=\"_blank\" rel=\"noopener\">notre cha\u00eene WhatsApp<\/a> et sur <a href=\"https:\/\/www.tiktok.com\/@76actu.fr?lang=fr\" target=\"_blank\" rel=\"noopener\">notre compte TikTok<\/a><\/p>\n<p class=\" wall-content\">Personnalisez votre actualit\u00e9 en ajoutant vos villes et m\u00e9dias en favori avec <a href=\"https:\/\/moncompte.actu.fr\" title=\"D\u00e9couvez Mon Actu\" rel=\"nofollow noopener\" data-trk=\"{&quot;cta&quot;:{&quot;action&quot;:&quot;https:\\\/\\\/moncompte.actu.fr&quot;,&quot;category&quot;:&quot;mon compte&quot;,&quot;from&quot;:&quot;article footer&quot;,&quot;name&quot;:&quot;Mon actu&quot;,&quot;type&quot;:&quot;cta&quot;}}\" target=\"_blank\">Mon Actu<\/a>.<\/p>\n<p>                    <script async src=\"\/\/www.tiktok.com\/embed.js\"><\/script><\/p>\n","protected":false},"excerpt":{"rendered":"Par Yann Rivallan Publi\u00e9 le 18 d\u00e9c. 2025 \u00e0 7h02 Que se passe-t-il \u00e0 l\u2019Intermarch\u00e9 Saint-Marc \u00e0 Rouen\u2009?&hellip;\n","protected":false},"author":2,"featured_media":606860,"comment_status":"","ping_status":"","sticky":false,"template":"","format":"standard","meta":{"footnotes":""},"categories":[9587],"tags":[1111,11,15787,1777,674,1011,27,6151,2529,12,5161,25,9590,104],"class_list":{"0":"post-606859","1":"post","2":"type-post","3":"status-publish","4":"format-standard","5":"has-post-thumbnail","7":"category-rouen","8":"tag-actu","9":"tag-actualites","10":"tag-droit-des-travailleurs","11":"tag-eu","12":"tag-europe","13":"tag-fr","14":"tag-france","15":"tag-greve","16":"tag-intermarche","17":"tag-news","18":"tag-normandie","19":"tag-republique-francaise","20":"tag-rouen","21":"tag-societe"},"share_on_mastodon":{"url":"https:\/\/pubeurope.com\/@fr\/115739087600897922","error":""},"_links":{"self":[{"href":"https:\/\/www.europesays.com\/fr\/wp-json\/wp\/v2\/posts\/606859","targetHints":{"allow":["GET"]}}],"collection":[{"href":"https:\/\/www.europesays.com\/fr\/wp-json\/wp\/v2\/posts"}],"about":[{"href":"https:\/\/www.europesays.com\/fr\/wp-json\/wp\/v2\/types\/post"}],"author":[{"embeddable":true,"href":"https:\/\/www.europesays.com\/fr\/wp-json\/wp\/v2\/users\/2"}],"replies":[{"embeddable":true,"href":"https:\/\/www.europesays.com\/fr\/wp-json\/wp\/v2\/comments?post=606859"}],"version-history":[{"count":0,"href":"https:\/\/www.europesays.com\/fr\/wp-json\/wp\/v2\/posts\/606859\/revisions"}],"wp:featuredmedia":[{"embeddable":true,"href":"https:\/\/www.europesays.com\/fr\/wp-json\/wp\/v2\/media\/606860"}],"wp:attachment":[{"href":"https:\/\/www.europesays.com\/fr\/wp-json\/wp\/v2\/media?parent=606859"}],"wp:term":[{"taxonomy":"category","embeddable":true,"href":"https:\/\/www.europesays.com\/fr\/wp-json\/wp\/v2\/categories?post=606859"},{"taxonomy":"post_tag","embeddable":true,"href":"https:\/\/www.europesays.com\/fr\/wp-json\/wp\/v2\/tags?post=606859"}],"curies":[{"name":"wp","href":"https:\/\/api.w.org\/{rel}","templated":true}]}}