{"id":606861,"date":"2025-12-18T06:11:17","date_gmt":"2025-12-18T06:11:17","guid":{"rendered":"https:\/\/www.europesays.com\/fr\/606861\/"},"modified":"2025-12-18T06:11:17","modified_gmt":"2025-12-18T06:11:17","slug":"limage-de-rouen-a-evolue-depuis-10-ans-emploi-et-logement-comment-la-ville-normande-est-devenue-plus-attractive","status":"publish","type":"post","link":"https:\/\/www.europesays.com\/fr\/606861\/","title":{"rendered":"\u00ab\u00a0L\u2019image de Rouen a \u00e9volu\u00e9 depuis 10\u00a0ans\u00a0\u00bb\u00a0: emploi et logement, comment la ville normande est devenue plus attractive"},"content":{"rendered":"<p class=\"\">\u00ab Tous les studios de production, les agences et les m\u00e9dias avec lesquels je travaille sont \u00e0 Paris. Mais d\u00e8s le d\u00e9part, je ne pensais pas y rester, raconte-t-il. Seulement voil\u00e0, la routine s\u2019est install\u00e9e\u2026 \u00bb Il a fallu un break de six mois en Asie pour le pousser \u00e0 r\u00e9fl\u00e9chir \u00e0 son avenir. \u00ab La pr\u00e9sence de la famille et des amis a jou\u00e9 \u00e9videmment. Mais Rouen s\u2019est impos\u00e9 surtout comme la solution la plus logique, avec au quotidien une qualit\u00e9 de vie sup\u00e9rieure, d\u00e9taille Charl\u00e9lie Roger. Surtout que j\u2019ai vraiment l\u2019impression que la ville a boug\u00e9 dans le bon sens depuis mon d\u00e9part. \u00bb<\/p>\n","protected":false},"excerpt":{"rendered":"\u00ab Tous les studios de production, les agences et les m\u00e9dias avec lesquels je travaille sont \u00e0 Paris.&hellip;\n","protected":false},"author":2,"featured_media":606862,"comment_status":"","ping_status":"","sticky":false,"template":"","format":"standard","meta":{"footnotes":""},"categories":[9587],"tags":[1111,11,33,1777,674,1011,27,1116,12,5161,25,9590],"class_list":{"0":"post-606861","1":"post","2":"type-post","3":"status-publish","4":"format-standard","5":"has-post-thumbnail","7":"category-rouen","8":"tag-actu","9":"tag-actualites","10":"tag-economie","11":"tag-eu","12":"tag-europe","13":"tag-fr","14":"tag-france","15":"tag-immobilier","16":"tag-news","17":"tag-normandie","18":"tag-republique-francaise","19":"tag-rouen"},"share_on_mastodon":{"url":"https:\/\/pubeurope.com\/@fr\/115739091473566178","error":""},"_links":{"self":[{"href":"https:\/\/www.europesays.com\/fr\/wp-json\/wp\/v2\/posts\/606861","targetHints":{"allow":["GET"]}}],"collection":[{"href":"https:\/\/www.europesays.com\/fr\/wp-json\/wp\/v2\/posts"}],"about":[{"href":"https:\/\/www.europesays.com\/fr\/wp-json\/wp\/v2\/types\/post"}],"author":[{"embeddable":true,"href":"https:\/\/www.europesays.com\/fr\/wp-json\/wp\/v2\/users\/2"}],"replies":[{"embeddable":true,"href":"https:\/\/www.europesays.com\/fr\/wp-json\/wp\/v2\/comments?post=606861"}],"version-history":[{"count":0,"href":"https:\/\/www.europesays.com\/fr\/wp-json\/wp\/v2\/posts\/606861\/revisions"}],"wp:featuredmedia":[{"embeddable":true,"href":"https:\/\/www.europesays.com\/fr\/wp-json\/wp\/v2\/media\/606862"}],"wp:attachment":[{"href":"https:\/\/www.europesays.com\/fr\/wp-json\/wp\/v2\/media?parent=606861"}],"wp:term":[{"taxonomy":"category","embeddable":true,"href":"https:\/\/www.europesays.com\/fr\/wp-json\/wp\/v2\/categories?post=606861"},{"taxonomy":"post_tag","embeddable":true,"href":"https:\/\/www.europesays.com\/fr\/wp-json\/wp\/v2\/tags?post=606861"}],"curies":[{"name":"wp","href":"https:\/\/api.w.org\/{rel}","templated":true}]}}