{"id":606865,"date":"2025-12-18T06:13:19","date_gmt":"2025-12-18T06:13:19","guid":{"rendered":"https:\/\/www.europesays.com\/fr\/606865\/"},"modified":"2025-12-18T06:13:19","modified_gmt":"2025-12-18T06:13:19","slug":"vote-voyez-vous-las-nancy-lorraine-se-qualifier-pour-les-16e-de-finale-de-la-coupe-de-france-a-grenoble","status":"publish","type":"post","link":"https:\/\/www.europesays.com\/fr\/606865\/","title":{"rendered":"Vote. Voyez-vous\u00a0l&rsquo;AS Nancy Lorraine se qualifier pour les 16e de finale de la Coupe de France \u00e0 Grenoble\u00a0?"},"content":{"rendered":"<p>L&rsquo;ASNL retrouve Grenoble ce samedi, dans le cadre des 32e de finale de la Coupe de France, deux semaines apr\u00e8s la premi\u00e8re confrontation avec les Is\u00e9rois en championnat (d\u00e9faite 1-0 des Nanc\u00e9iens). Pensez-vous que Nancy va prendre sa revanche ce samedi \u00e0 18 h \u00a0? Donnez-nous votre prono\u00a0 !<\/p>\n<p>&#13;<br \/>\n              L&rsquo;Est R\u00e9publicain  &#8211; &#13;<br \/>\n        &#13;<br \/>\n          Aujourd&rsquo;hui \u00e0 07:00&#13;<br \/>\n    &#13;<br \/>\n        &#8211; Temps de lecture : &#13;<br \/>\n  &#13;\n<\/p>\n<p>                        &#13;<br \/>\n    &#13;<br \/>\n    &#13;<br \/>\n    <a href=\"https:\/\/cdn-s-www.estrepublicain.fr\/images\/7EE9AFC9-8B93-41E1-86BE-A9073739DE1F\/NW_raw\/sarreguemines-as-nancy-lorraine-quel-est-votre-pronostic-1764174544.jpg\" title=\"Sarreguemines - AS Nancy Lorraine : quel est votre pronostic ?\" class=\"chocolat-image GA-tracking\" data-ga_type=\"click\" data-ga_category=\"D\u00e9tail\" data-ga_action=\"zoomer\" data-ga_label=\"aggrandir image\" target=\"_blank\" rel=\"noopener\">&#13;<br \/>\n        <img src=\"https:\/\/www.europesays.com\/fr\/wp-content\/uploads\/2025\/11\/sarreguemines-as-nancy-lorraine-quel-est-votre-pronostic-1764174544.jpg\"   alt=\"Sarreguemines - AS Nancy Lorraine : quel est votre pronostic ?\" fetchpriority=\"high\" decoding=\"async\" data-mobile=\"NW_detail_M|1764174544\" data-base=\"NW_detail|1764174544\"\/>&#13;<br \/>\n    <\/a>&#13;<\/p>\n<p>Sarreguemines &#8211; AS Nancy Lorraine : quel est votre pronostic ?<\/p>\n","protected":false},"excerpt":{"rendered":"L&rsquo;ASNL retrouve Grenoble ce samedi, dans le cadre des 32e de finale de la Coupe de France, deux&hellip;\n","protected":false},"author":2,"featured_media":606866,"comment_status":"","ping_status":"","sticky":false,"template":"","format":"standard","meta":{"footnotes":""},"categories":[9566],"tags":[1111,11,3703,2430,15922,1707,1704,1706,1705,1777,674,107,1701,63,1011,27,2731,1702,12,25,517,1700,10606],"class_list":{"0":"post-606865","1":"post","2":"type-post","3":"status-publish","4":"format-standard","5":"has-post-thumbnail","7":"category-grenoble","8":"tag-actu","9":"tag-actualites","10":"tag-asnl","11":"tag-auvergne-rhone-alpes","12":"tag-coupe-de-france-de-football","13":"tag-edition-luneville","14":"tag-edition-nancy-et-agglomeration","15":"tag-edition-pont-a-mousson","16":"tag-edition-toul","17":"tag-eu","18":"tag-europe","19":"tag-fil-info","20":"tag-fil-info-sport","21":"tag-football","22":"tag-fr","23":"tag-france","24":"tag-grenoble","25":"tag-nancy","26":"tag-news","27":"tag-republique-francaise","28":"tag-sport","29":"tag-sport-lorrain","30":"tag-vote-sport-lorrain"},"share_on_mastodon":{"url":"https:\/\/pubeurope.com\/@fr\/115739100645678740","error":""},"_links":{"self":[{"href":"https:\/\/www.europesays.com\/fr\/wp-json\/wp\/v2\/posts\/606865","targetHints":{"allow":["GET"]}}],"collection":[{"href":"https:\/\/www.europesays.com\/fr\/wp-json\/wp\/v2\/posts"}],"about":[{"href":"https:\/\/www.europesays.com\/fr\/wp-json\/wp\/v2\/types\/post"}],"author":[{"embeddable":true,"href":"https:\/\/www.europesays.com\/fr\/wp-json\/wp\/v2\/users\/2"}],"replies":[{"embeddable":true,"href":"https:\/\/www.europesays.com\/fr\/wp-json\/wp\/v2\/comments?post=606865"}],"version-history":[{"count":0,"href":"https:\/\/www.europesays.com\/fr\/wp-json\/wp\/v2\/posts\/606865\/revisions"}],"wp:featuredmedia":[{"embeddable":true,"href":"https:\/\/www.europesays.com\/fr\/wp-json\/wp\/v2\/media\/606866"}],"wp:attachment":[{"href":"https:\/\/www.europesays.com\/fr\/wp-json\/wp\/v2\/media?parent=606865"}],"wp:term":[{"taxonomy":"category","embeddable":true,"href":"https:\/\/www.europesays.com\/fr\/wp-json\/wp\/v2\/categories?post=606865"},{"taxonomy":"post_tag","embeddable":true,"href":"https:\/\/www.europesays.com\/fr\/wp-json\/wp\/v2\/tags?post=606865"}],"curies":[{"name":"wp","href":"https:\/\/api.w.org\/{rel}","templated":true}]}}