{"id":606883,"date":"2025-12-18T06:22:13","date_gmt":"2025-12-18T06:22:13","guid":{"rendered":"https:\/\/www.europesays.com\/fr\/606883\/"},"modified":"2025-12-18T06:22:13","modified_gmt":"2025-12-18T06:22:13","slug":"nordine-raymond-lfi-veut-etre-le-candidat-du-pouvoir-dachat","status":"publish","type":"post","link":"https:\/\/www.europesays.com\/fr\/606883\/","title":{"rendered":"Nordine Raymond (LFI) veut \u00eatre le candidat du pouvoir d&rsquo;achat"},"content":{"rendered":"<p>                    Par<br \/>\n        <strong><br \/>\n            <a href=\"https:\/\/actu.fr\/auteur\/juliette-cardinale\" title=\"Consulter tous les articles de Juliette Cardinale\" target=\"_blank\" rel=\"noopener\">Juliette Cardinale<\/a><br \/>\n                    <\/strong><\/p>\n<p>        Publi\u00e9 le<\/p>\n<p>            18 d\u00e9c. 2025 \u00e0 6h32        <\/p>\n<p>\u00ab\u2009Notre grand d\u00e9fi, c\u2019est d\u2019apporter du <strong>pouvoir d\u2019achat<\/strong> aux Bordelaises et aux Bordelais\u2009\u00bb, r\u00e9sume Nordine Raymond\u00a0trois mois avant le premier tour des \u00e9lections municipales. Candidat pour remplacer Pierre Hurmic dans le fauteuil du maire, le militant de La France insoumise (LFI) doit d\u00e9voiler son programme complet tr\u00e8s bient\u00f4t. Il en a esquiss\u00e9 <strong>les grandes lignes<\/strong> pour <a href=\"https:\/\/actu.fr\/bordeaux\/\" target=\"_blank\" rel=\"noopener\">actu Bordeaux.<\/a><\/p>\n<p class=\" wall-content\">Depuis un an, l\u2019\u00e9quipe LFI locale travaille sur le sujet, avec des associations et groupes de travail. \u00ab\u2009On s\u2019est demand\u00e9, comment la mairie peut \u00e0 son \u00e9chelle permettre de <strong>combattre le syst\u00e8me capitaliste<\/strong> qui pour nous est celui qui d\u00e9truit la nature et le syst\u00e8me social de mani\u00e8re globale\u2009\u00bb, r\u00e9sume le Bordelais.<\/p>\n<p>Le logement, fer de lance de Nordine Raymond<\/p>\n<p class=\" wall-content\">Alors pour rendre du pouvoir d\u2019achat aux Bordelais, le candidat a un fer de lance tout trouv\u00e9. \u00ab\u2009<a href=\"https:\/\/actu.fr\/tag\/logement\" target=\"_blank\" rel=\"noopener\">Le logement<\/a> occupe un tiers des d\u00e9penses d\u2019un m\u00e9nage. \u00c0 Bordeaux, \u00e7a d\u00e9passe parfois <strong>la moiti\u00e9 des d\u00e9penses totales<\/strong> d\u2019un m\u00e9nage.\u2009\u00bb<\/p>\n<p class=\" wall-content\">\u00ab\u2009Il y a <strong>25\u2009% des propri\u00e9taires qui ne le respectent pas.<\/strong> Le probl\u00e8me dans cette mesure, c\u2019est que le locataire doit montrer que les propri\u00e9taires ne respectent pas la loi.\u2009\u00bb Nordine Raymond veut donc mettre en place \u00ab\u2009une brigade du logement qui puisse condamner les propri\u00e9taires voyous\u2009\u00bb.<\/p>\n<p class=\" wall-content\">\u00ab\u2009On essaie d\u2019intervenir \u00e0 la fois sur le prix de vente, mais aussi celui de la location. Si la mairie intervient pour faire\u00a0<strong>baisser les prix au maximum chez les bailleurs sociaux,<\/strong>\u00a0le march\u00e9 devra suivre et donc baisser ses prix\u2009\u00bb, continue le candidat. \u00ab\u2009Il y a aussi une vraie question sur le logement \u00e9tudiant et des jeunes actifs.\u2009\u00bb<\/p>\n<p class=\" wall-content\">\u00ab\u2009Le probl\u00e8me de\u00a0<strong>l\u2019immobilier \u00e0 Bordeaux,<\/strong> c\u2019est qu\u2019il n\u2019y a pratiquement plus rien \u00e0 acheter dans cette ville et ce qui est \u00e0 acheter est beaucoup trop cher\u2009\u00bb, r\u00e9sume Nordine Raymond.<\/p>\n<p class=\" wall-content\">En parall\u00e8le des actions locales, le groupe national veut faire \u00e9voluer la loi pour mettre en place \u00ab\u2009un syst\u00e8me de d\u00e9cote g\u00e9r\u00e9 par le pr\u00e9fet directement <strong>sur les zones tendues comme<\/strong> Bordeaux de 1 \u00e0 20 pour pouvoir faire baisser les prix des loyers\u2009\u00bb. Mais aussi limiter \u00ab\u2009encore plus drastiquement les Airbnb\u2009\u00bb.<\/p>\n<p>Votre r\u00e9gion, votre actu !<\/p>\n<p>Recevez chaque jour les infos qui comptent pour vous.<\/p>\n<p>\t<a href=\"https:\/\/actu.fr\/newsletter\" class=\"ac-btn ac-btn--corner ac-btn--medium ac-btn--blue800\" target=\"_blank\" rel=\"noopener\">S&rsquo;incrire<\/a><br \/>\nR\u00e9quisitionner des logements vides<\/p>\n<p class=\" wall-content\">En urgence, LFI veut loger les personnes sans abri. \u00ab\u2009Il y a <strong>20\u2009000 personnes \u00e0 la rue dans la m\u00e9tropole<\/strong> et 30\u2009000 biens inoccup\u00e9s\u2009\u00bb, avance Nordine Raymond. Il veut d\u2019abord r\u00e9habiliter et mettre \u00e0 disposition le patrimoine municipal inutilis\u00e9, comme les anciens logements d\u2019instituteurs.<\/p>\n<p class=\" wall-content\">\u00ab\u2009Il y a une loi qui permet au pr\u00e9fet de r\u00e9quisitionner le patrimoine priv\u00e9\u2009\u00bb, rappelle le candidat qui veut \u00ab\u2009demander au service de regarder quelles sont les <strong>raisons de vacance des biens,<\/strong> si certains sont vides depuis tr\u00e8s longtemps et totalement inutilis\u00e9s\u2009\u00bb.<\/p>\n<p class=\" wall-content\">\u00ab\u2009On ne va pas r\u00e9quisitionner les 30\u2009000 logements vacants de la m\u00e9tropole ce n\u2019est pas le sujet. Mais l\u00e0 o\u00f9 des propri\u00e9taires sp\u00e9culent par exemple, l\u00e0 o\u00f9 \u00e7a fait 20 ans qu\u2019il y a un h\u00e9ritage qui n\u2019arrive pas \u00e0 se conclure, on r\u00e9quisitionne.\u2009\u00bb Le Bordelais anticipe que la pr\u00e9fecture cassera ces arr\u00eat\u00e9s, mais c\u2019est<strong> justement sa strat\u00e9gie.<\/strong> \u00ab\u2009On veut cr\u00e9er un rapport de force avec la pr\u00e9fecture, que \u00e7a aille devant les tribunaux et que la pr\u00e9fecture montre que c\u2019est elle qui refuse qu\u2019on puisse loger des personnes sans abris.\u2009\u00bb<\/p>\n<p class=\" wall-content\">Une politique qui permettrait \u00e0 plus long terme la <strong>r\u00e9habilitation d\u2019immeubles entiers<\/strong> abandonn\u00e9s en centre-ville. \u00ab\u00a0Ils pourront revenir sur le march\u00e9 et loger les gens de mani\u00e8re globale.\u2009\u00bb<\/p>\n<p>La gratuit\u00e9 des transports, des cantines\u2026<\/p>\n<p class=\" wall-content\">Le parti de gauche radicale veut \u00e9galement \u00ab\u2009sortir de l\u2019\u00e9conomie priv\u00e9e et <strong>reprendre en r\u00e9gie publique\u2009\u00bb<\/strong> diff\u00e9rents secteurs comme les transports, les d\u00e9chets, les pompes fun\u00e8bres\u2026\u00a0Une fois les r\u00e9gies cr\u00e9\u00e9es, Nordine Raymond veut mettre en place <strong>\u00ab\u2009soit de la gratuit\u00e9 soit de la tarification sociale\u2009\u00bb.<\/strong><\/p>\n<p class=\" wall-content\">Les Insoumis veulent aussi rendre les transports gratuits pour tous. \u00ab\u2009On ne peut pas financer la <strong>gratuit\u00e9 des transports<\/strong> d\u2019un coup donc on va d\u2019abord faire les moins de 26\u00a0ans, les plus pr\u00e9caires\u2026\u2009\u00bb, d\u00e9taille le candidat. Une gratuit\u00e9 qui serait cette fois automatique, sans besoin de la demander.<\/p>\n<p class=\" wall-content\">Probl\u00e8me\u2009? Les d\u00e9chets comme les transports sont des comp\u00e9tences qui d\u00e9pendent de la M\u00e9tropole et non de la Ville. Mais les Insoumis en sont bien conscients. \u00ab\u2009Si on est \u00e9lus \u00e0 Bordeaux, on a d\u00e9j\u00e0 <strong>un tiers des conseillers<\/strong> m\u00e9tropolitains\u2009\u00bb, explique Nordine Raymond. LFI pr\u00e9sente des listes dans plusieurs communes et a des espoirs d\u2019obtenir plus de si\u00e8ges. Sans compter le soutien que pourraient apporter des \u00e9lus sur certains sujets, comme les communistes qui d\u00e9fendent les transports gratuits depuis plusieurs ann\u00e9es.<\/p>\n<p>\u00c9cologie, s\u00fbret\u00e9<\/p>\n<p class=\" wall-content\">\u00ab\u2009Notre d\u00e9fi, c\u2019est que les <strong>gens puissent vivre bien ici\u2009\u00bb,<\/strong> continue l\u2019Insoumis. Pour cela, on trouve dans les id\u00e9es des Insoumis d\u2019\u00ab\u2009aller plus loin\u2009\u00bb dans la politique \u00e9cologiste de la ville en continuant \u00e0 la v\u00e9g\u00e9taliser, interdisant totalement l\u2019accostage des bateaux de croisi\u00e8re, repensant la voiture et s\u00e9curisant les pistes cyclables.<\/p>\n<p class=\" wall-content\">D\u00e9fenseur de la z\u00e9ro artificialisation des sols, Nordine Raymond est aussi <a href=\"https:\/\/actu.fr\/nouvelle-aquitaine\/bordeaux_33063\/a-bordeaux-le-projet-de-telecabine-avance-enfin-voici-le-principal-obstacle_61807182.html\" target=\"_blank\" rel=\"noopener\">partisan des t\u00e9l\u00e9cabines<\/a> et du <strong>d\u00e9veloppement du transport fluvial<\/strong> et non du m\u00e9tro.<\/p>\n<p class=\" wall-content\">\u00ab\u2009La gauche radicale ne peut pas \u00e9viter la <strong>question de la s\u00fbret\u00e9\u2009\u00bb,<\/strong> ajoute le candidat aux municipales qui ne veut pas faire campagne autour du sujet. \u00ab\u00a0Le probl\u00e8me est r\u00e9el, on ne peut pas dire aux gens de ne pas avoir peur\u00a0\u00bb, ajoute Nordine Raymond. Pour autant, il d\u00e9nonce <strong>une \u00ab\u2009surench\u00e8re globale s\u00e9curitaire<\/strong> alors qu\u2019aucun chiffre ne d\u00e9montre que l\u2019ins\u00e9curit\u00e9 a augment\u00e9\u2009\u00bb.<\/p>\n<p class=\" wall-content\">Celui qui d\u00e9fend le d\u00e9sarmement de la<a href=\"https:\/\/actu.fr\/nouvelle-aquitaine\/bordeaux_33063\/police-municipale-a-bordeaux-pierre-hurmic-cree-une-brigade-speciale-dotee-d-armes-letales_61851970.html\" target=\"_blank\" rel=\"noopener\"> police municipale<\/a> veut \u00ab\u2009plus de m\u00e9diateurs\u2009\u00bb pour <strong>r\u00e9sorber la mis\u00e8re sociale<\/strong> et r\u00e9soudre les conflits d\u2019usage. \u00ab\u2009Il faut pacifier la voie publique\u2009\u00bb, ajoute Nordine Raymond qui estime aussi n\u00e9cessaire de rallumer la lumi\u00e8re.<\/p>\n<p class=\" wall-content\">Personnalisez votre actualit\u00e9 en ajoutant vos villes et m\u00e9dias en favori avec <a href=\"https:\/\/moncompte.actu.fr\" title=\"D\u00e9couvez Mon Actu\" rel=\"nofollow noopener\" data-trk=\"{&quot;cta&quot;:{&quot;action&quot;:&quot;https:\\\/\\\/moncompte.actu.fr&quot;,&quot;category&quot;:&quot;mon compte&quot;,&quot;from&quot;:&quot;article footer&quot;,&quot;name&quot;:&quot;Mon actu&quot;,&quot;type&quot;:&quot;cta&quot;}}\" target=\"_blank\">Mon Actu<\/a>.<\/p>\n","protected":false},"excerpt":{"rendered":"Par Juliette Cardinale Publi\u00e9 le 18 d\u00e9c. 2025 \u00e0 6h32 \u00ab\u2009Notre grand d\u00e9fi, c\u2019est d\u2019apporter du pouvoir d\u2019achat&hellip;\n","protected":false},"author":2,"featured_media":606884,"comment_status":"","ping_status":"","sticky":false,"template":"","format":"standard","meta":{"footnotes":""},"categories":[2817],"tags":[1111,11,1997,4188,1777,674,1011,27,1023,3434,12,2219,316,25],"class_list":{"0":"post-606883","1":"post","2":"type-post","3":"status-publish","4":"format-standard","5":"has-post-thumbnail","7":"category-bordeaux","8":"tag-actu","9":"tag-actualites","10":"tag-bordeaux","11":"tag-elections-municipales","12":"tag-eu","13":"tag-europe","14":"tag-fr","15":"tag-france","16":"tag-la-france-insoumise-lfi","17":"tag-municipales-2026","18":"tag-news","19":"tag-nouvelle-aquitaine","20":"tag-politique","21":"tag-republique-francaise"},"share_on_mastodon":{"url":"https:\/\/pubeurope.com\/@fr\/115739134827731780","error":""},"_links":{"self":[{"href":"https:\/\/www.europesays.com\/fr\/wp-json\/wp\/v2\/posts\/606883","targetHints":{"allow":["GET"]}}],"collection":[{"href":"https:\/\/www.europesays.com\/fr\/wp-json\/wp\/v2\/posts"}],"about":[{"href":"https:\/\/www.europesays.com\/fr\/wp-json\/wp\/v2\/types\/post"}],"author":[{"embeddable":true,"href":"https:\/\/www.europesays.com\/fr\/wp-json\/wp\/v2\/users\/2"}],"replies":[{"embeddable":true,"href":"https:\/\/www.europesays.com\/fr\/wp-json\/wp\/v2\/comments?post=606883"}],"version-history":[{"count":0,"href":"https:\/\/www.europesays.com\/fr\/wp-json\/wp\/v2\/posts\/606883\/revisions"}],"wp:featuredmedia":[{"embeddable":true,"href":"https:\/\/www.europesays.com\/fr\/wp-json\/wp\/v2\/media\/606884"}],"wp:attachment":[{"href":"https:\/\/www.europesays.com\/fr\/wp-json\/wp\/v2\/media?parent=606883"}],"wp:term":[{"taxonomy":"category","embeddable":true,"href":"https:\/\/www.europesays.com\/fr\/wp-json\/wp\/v2\/categories?post=606883"},{"taxonomy":"post_tag","embeddable":true,"href":"https:\/\/www.europesays.com\/fr\/wp-json\/wp\/v2\/tags?post=606883"}],"curies":[{"name":"wp","href":"https:\/\/api.w.org\/{rel}","templated":true}]}}