{"id":606893,"date":"2025-12-18T06:29:14","date_gmt":"2025-12-18T06:29:14","guid":{"rendered":"https:\/\/www.europesays.com\/fr\/606893\/"},"modified":"2025-12-18T06:29:14","modified_gmt":"2025-12-18T06:29:14","slug":"deux-unites-de-la-maison-denfants-de-bois-fleuri-ferment-temporairement","status":"publish","type":"post","link":"https:\/\/www.europesays.com\/fr\/606893\/","title":{"rendered":"deux unit\u00e9s de la maison d\u2019enfants de Bois Fleuri ferment temporairement"},"content":{"rendered":"<p>Jeudi dernier, les 18 jeunes majeurs de la Maison d\u2019enfants \u00e0 caract\u00e8re social (Mecs) de Bois Fleuri, <a href=\"https:\/\/www.laprovence.com\/bouches-du-rhone\/marseille-10e-arrondissement-13210\" target=\"_blank\" rel=\"noopener\">dans le 10e<\/a>, ont appris lors d\u2019une r\u00e9union avec la direction de l\u2019\u00e9tablissement la fermeture de leur unit\u00e9 d\u2019accueil. Une d\u00e9cision prise par le D\u00e9partement, dont c\u2019est la comp\u00e9tence au titre de l\u2019aide sociale \u00e0 l\u2019enfance (ASE) et qui finance l\u2019association, pour une dur\u00e9e \u00ab\u00a0d\u2019un mois environ\u00a0\u00bb.<\/p>\n<p>Un peu moins d\u2019une semaine plus tard, ces jeunes qui doivent quitter les lieux le lundi 22\u00a0d\u00e9cembre, ont organis\u00e9 une manifestation, <a href=\"https:\/\/www.laprovence.com\/article\/societe\/448846844554314\/quartiers-de-marseille-saint-loup-par-ceux-qui-y-vivent-et-y-travaillent\" target=\"_blank\" rel=\"noopener\">devant les locaux<\/a> o\u00f9 ils sont log\u00e9s dans des studios autonomes. Huit enfants de 2 \u00e0 5\u00a0ans, de l\u2019unit\u00e9 des \u00ab\u00a0petits\u00a0\u00bb, sont aussi concern\u00e9s par la fermeture. Ils doivent \u00eatre relog\u00e9s en foyer ou famille d\u2019accueil.<\/p>\n<p>\u00ab\u00a0Des cas d\u2019agressions entre jeunes\u00a0\u00bb<\/p>\n<p>\u00ab\u00a0\u00c0 la suite d\u2019une visite de contr\u00f4le en novembre\u00a02024, nous avons relev\u00e9 des probl\u00e8mes de fonctionnement, entra\u00eenant des probl\u00e8mes dans <a href=\"https:\/\/www.laprovence.com\/article\/faits-divers-justice\/1246946787868915\/une-video-de-maltraitance-d-enfants-dans-un-centre-de-loisir-a-marseille-creee-l-emoi\" target=\"_blank\" rel=\"noopener\">la protection des enfants<\/a>\u00ab\u00a0, a fait savoir le D\u00e9partement sans pr\u00e9ciser la nature des faits. Face aux jeunes, l\u2019administrateur nomm\u00e9 pour diriger <a href=\"https:\/\/www.laprovence.com\/article\/societe\/73268661272957\/ils-sengagent-en-provence-hamza-bensatem-ou-comment-aider-les-jeunes-de-l-ase-a-rever\" target=\"_blank\" rel=\"noopener\">la structure<\/a> d\u2019ici au lundi 22\u00a0d\u00e9cembre, Philippe Houbart, a \u00e9voqu\u00e9 \u00ab\u00a0des cas d\u2019agressions entre jeunes\u00a0\u00bb. Le D\u00e9partement affirme avoir \u00ab\u00a0mis en place&#8230;<\/p>\n","protected":false},"excerpt":{"rendered":"Jeudi dernier, les 18 jeunes majeurs de la Maison d\u2019enfants \u00e0 caract\u00e8re social (Mecs) de Bois Fleuri, dans&hellip;\n","protected":false},"author":2,"featured_media":606894,"comment_status":"","ping_status":"","sticky":false,"template":"","format":"standard","meta":{"footnotes":""},"categories":[2814],"tags":[17,1111,11,4070,1777,674,1011,27,884,12,15830,5241,471,882,16,25,4256,3640,71851],"class_list":{"0":"post-606893","1":"post","2":"type-post","3":"status-publish","4":"format-standard","5":"has-post-thumbnail","7":"category-marseille","8":"tag-17","9":"tag-actu","10":"tag-actualites","11":"tag-deux","12":"tag-eu","13":"tag-europe","14":"tag-fr","15":"tag-france","16":"tag-marseille","17":"tag-news","18":"tag-noel","19":"tag-on","20":"tag-pour","21":"tag-provence-alpes-cote-dazur","22":"tag-region","23":"tag-republique-francaise","24":"tag-retrouve","25":"tag-rue","26":"tag-unites"},"share_on_mastodon":{"url":"https:\/\/pubeurope.com\/@fr\/115739162324300759","error":""},"_links":{"self":[{"href":"https:\/\/www.europesays.com\/fr\/wp-json\/wp\/v2\/posts\/606893","targetHints":{"allow":["GET"]}}],"collection":[{"href":"https:\/\/www.europesays.com\/fr\/wp-json\/wp\/v2\/posts"}],"about":[{"href":"https:\/\/www.europesays.com\/fr\/wp-json\/wp\/v2\/types\/post"}],"author":[{"embeddable":true,"href":"https:\/\/www.europesays.com\/fr\/wp-json\/wp\/v2\/users\/2"}],"replies":[{"embeddable":true,"href":"https:\/\/www.europesays.com\/fr\/wp-json\/wp\/v2\/comments?post=606893"}],"version-history":[{"count":0,"href":"https:\/\/www.europesays.com\/fr\/wp-json\/wp\/v2\/posts\/606893\/revisions"}],"wp:featuredmedia":[{"embeddable":true,"href":"https:\/\/www.europesays.com\/fr\/wp-json\/wp\/v2\/media\/606894"}],"wp:attachment":[{"href":"https:\/\/www.europesays.com\/fr\/wp-json\/wp\/v2\/media?parent=606893"}],"wp:term":[{"taxonomy":"category","embeddable":true,"href":"https:\/\/www.europesays.com\/fr\/wp-json\/wp\/v2\/categories?post=606893"},{"taxonomy":"post_tag","embeddable":true,"href":"https:\/\/www.europesays.com\/fr\/wp-json\/wp\/v2\/tags?post=606893"}],"curies":[{"name":"wp","href":"https:\/\/api.w.org\/{rel}","templated":true}]}}