{"id":60690,"date":"2025-04-29T02:05:10","date_gmt":"2025-04-29T02:05:10","guid":{"rendered":"https:\/\/www.europesays.com\/fr\/60690\/"},"modified":"2025-04-29T02:05:10","modified_gmt":"2025-04-29T02:05:10","slug":"le-mexique-et-les-etats-unis-parviennent-a-un-accord-sur-le-partage-de-leau","status":"publish","type":"post","link":"https:\/\/www.europesays.com\/fr\/60690\/","title":{"rendered":"Le Mexique et les \u00c9tats-Unis parviennent \u00e0 un accord sur le partage de l&rsquo;eau"},"content":{"rendered":"<p>Le Mexique et les \u00c9tats-Unis ont annonc\u00e9 lundi avoir conclu un accord pr\u00e9voyant que le Mexique transf\u00e8re imm\u00e9diatement davantage d\u2019eau de leur bassin commun du Rio Grande aux agriculteurs texans, apr\u00e8s que le pr\u00e9sident am\u00e9ricain Donald Trump a menac\u00e9 d\u2019imposer des droits de douane et des sanctions plus t\u00f4t ce mois-ci.<\/p>\n<p>\u00abLe Mexique s\u2019est engag\u00e9 \u00e0 transf\u00e9rer imm\u00e9diatement de l\u2019eau de ses r\u00e9servoirs internationaux et \u00e0 augmenter la part am\u00e9ricaine du d\u00e9bit de six affluents mexicains du Rio Grande jusqu\u2019\u00e0 la fin du cycle hydrologique actuel de cinq ans\u00bb, a d\u00e9clar\u00e9 Tammy Bruce, porte-parole du d\u00e9partement d\u2019\u00c9tat am\u00e9ricain, dans un communiqu\u00e9.<\/p>\n<p>Mme\u00a0Bruce a remerci\u00e9 la pr\u00e9sidente mexicaine Claudia Sheinbaum pour son implication dans la facilitation de la coop\u00e9ration transfrontali\u00e8re.<\/p>\n<p>La d\u00e9claration commune des deux pays, bien que manquant de d\u00e9tails pr\u00e9cis sur l\u2019accord, indique que les deux pays ont convenu que le trait\u00e9 de 1944 r\u00e9gissant le partage de l\u2019eau \u00e9tait toujours b\u00e9n\u00e9fique pour les deux pays et ne n\u00e9cessitait pas de ren\u00e9gociation.<\/p>\n<p>En vertu du trait\u00e9, le Mexique doit fournir aux \u00c9tats-Unis 1\u00a0750\u00a0000\u00a0acres-pieds d\u2019eau provenant de six affluents tous les cinq ans, soit une moyenne de 350\u00a0000\u00a0par an. Un acre-pied correspond \u00e0 la quantit\u00e9 d\u2019eau n\u00e9cessaire pour recouvrir un acre de terre sur une profondeur de 30\u00a0cm.<\/p>\n<p>Mais le Mexique risque fort de ne pas respecter ce d\u00e9lai \u00e0 l\u2019approche de la fin du cycle actuel, en octobre.<\/p>\n<p>Le trait\u00e9 autorise le Mexique \u00e0 contracter une dette d\u2019eau au cours des quatre premi\u00e8res ann\u00e9es de chaque cycle, s\u2019il parvient \u00e0 la rattraper au cours du cinqui\u00e8me.<\/p>\n","protected":false},"excerpt":{"rendered":"Le Mexique et les \u00c9tats-Unis ont annonc\u00e9 lundi avoir conclu un accord pr\u00e9voyant que le Mexique transf\u00e8re imm\u00e9diatement&hellip;\n","protected":false},"author":2,"featured_media":60691,"comment_status":"","ping_status":"","sticky":false,"template":"","format":"standard","meta":{"footnotes":""},"categories":[1589],"tags":[11,73,1866,4574,15788,1854,12,1864,1865,1863,308],"class_list":{"0":"post-60690","1":"post","2":"type-post","3":"status-publish","4":"format-standard","5":"has-post-thumbnail","7":"category-etats-unis","8":"tag-actualites","9":"tag-etats-unis","10":"tag-etats-unis-damerique","11":"tag-https-lactualite-com-sujet-affaires","12":"tag-https-lactualite-com-sujet-environnement","13":"tag-https-lactualite-com-sujet-international","14":"tag-news","15":"tag-united-states","16":"tag-united-states-of-america","17":"tag-us","18":"tag-usa"},"share_on_mastodon":{"url":"https:\/\/pubeurope.com\/@fr\/114418805853304413","error":""},"_links":{"self":[{"href":"https:\/\/www.europesays.com\/fr\/wp-json\/wp\/v2\/posts\/60690","targetHints":{"allow":["GET"]}}],"collection":[{"href":"https:\/\/www.europesays.com\/fr\/wp-json\/wp\/v2\/posts"}],"about":[{"href":"https:\/\/www.europesays.com\/fr\/wp-json\/wp\/v2\/types\/post"}],"author":[{"embeddable":true,"href":"https:\/\/www.europesays.com\/fr\/wp-json\/wp\/v2\/users\/2"}],"replies":[{"embeddable":true,"href":"https:\/\/www.europesays.com\/fr\/wp-json\/wp\/v2\/comments?post=60690"}],"version-history":[{"count":0,"href":"https:\/\/www.europesays.com\/fr\/wp-json\/wp\/v2\/posts\/60690\/revisions"}],"wp:featuredmedia":[{"embeddable":true,"href":"https:\/\/www.europesays.com\/fr\/wp-json\/wp\/v2\/media\/60691"}],"wp:attachment":[{"href":"https:\/\/www.europesays.com\/fr\/wp-json\/wp\/v2\/media?parent=60690"}],"wp:term":[{"taxonomy":"category","embeddable":true,"href":"https:\/\/www.europesays.com\/fr\/wp-json\/wp\/v2\/categories?post=60690"},{"taxonomy":"post_tag","embeddable":true,"href":"https:\/\/www.europesays.com\/fr\/wp-json\/wp\/v2\/tags?post=60690"}],"curies":[{"name":"wp","href":"https:\/\/api.w.org\/{rel}","templated":true}]}}