{"id":606900,"date":"2025-12-18T06:34:12","date_gmt":"2025-12-18T06:34:12","guid":{"rendered":"https:\/\/www.europesays.com\/fr\/606900\/"},"modified":"2025-12-18T06:34:12","modified_gmt":"2025-12-18T06:34:12","slug":"depannage-plus-dune-urgence-sur-deux-est-liee-a-la-plomberie-en-ile-de-france","status":"publish","type":"post","link":"https:\/\/www.europesays.com\/fr\/606900\/","title":{"rendered":"D\u00e9pannage\u00a0: plus d\u2019une urgence sur deux est li\u00e9e \u00e0 la plomberie en \u00cele-de-France"},"content":{"rendered":"<p class=\"paragraph text_align_left lp-f-body-02\">\u00ab Bon, bah l\u00e0, vous voyez, votre joint est compl\u00e8tement HS et le siphon est bien encrass\u00e9. Je vais le nettoyer, changer le joint et \u00e7a ira. \u00bb Allong\u00e9 dans la cuisine d\u2019un appartement du XVe arrondissement de Paris, J\u00e9r\u00f4me, plombier partenaire de MesD\u00e9panneurs.fr, a tout de suite rep\u00e9r\u00e9 l\u2019origine de la fuite pour laquelle Solange l\u2019a appel\u00e9 dans la matin\u00e9e. Montant de l\u2019intervention : 80 euros. Une solution rapide, mais qui illustre une r\u00e9alit\u00e9 bien plus vaste et pr\u00e9occupante r\u00e9v\u00e9l\u00e9e par le premier barom\u00e8tre des <a href=\"https:\/\/www.leparisien.fr\/economie\/consommation\/depannages-durgence-a-domicile-cinq-conseils-pour-eviter-les-arnaques-28-04-2025-GPKTUY4BWZEJ5OWRGYBFQEUOAI.php\" target=\"_blank\" rel=\"noreferrer noopener\">d\u00e9pannages d\u2019urgence<\/a> publi\u00e9 par <a href=\"https:\/\/www.mesdepanneurs.fr\/\" target=\"_blank\" rel=\"noreferrer noopener\">MesD\u00e9panneurs.fr<\/a> que nous d\u00e9voilons.<\/p>\n<p class=\"\">Sp\u00e9cialis\u00e9e dans le d\u00e9pannage d\u2019urgence \u00e0 domicile, la plate-forme a compil\u00e9 les donn\u00e9es de plus de 100 000 interventions men\u00e9es en dix ans dans des immeubles en \u00cele-de-France. Les chiffres sont \u00e9loquents : plus d\u2019une urgence sur deux (plus de 50 %) concerne la plomberie, que ce soit dans le parc priv\u00e9 ou social. \u00ab Ce n\u2019est pas une surprise. Les chiffres sont stables, \u00e0 part dans le haussmannien o\u00f9 le b\u00e2ti se d\u00e9grade \u00bb, confirme Alexander Gushchin, fondateur historique de la plate-forme.<\/p>\n","protected":false},"excerpt":{"rendered":"\u00ab Bon, bah l\u00e0, vous voyez, votre joint est compl\u00e8tement HS et le siphon est bien encrass\u00e9. Je&hellip;\n","protected":false},"author":2,"featured_media":606901,"comment_status":"","ping_status":"","sticky":false,"template":"","format":"standard","meta":{"footnotes":""},"categories":[1592],"tags":[1111,11,1777,674,1011,27,662,1116,12,626,25,104],"class_list":{"0":"post-606900","1":"post","2":"type-post","3":"status-publish","4":"format-standard","5":"has-post-thumbnail","7":"category-ile-de-france","8":"tag-actu","9":"tag-actualites","10":"tag-eu","11":"tag-europe","12":"tag-fr","13":"tag-france","14":"tag-ile-de-france","15":"tag-immobilier","16":"tag-news","17":"tag-paris","18":"tag-republique-francaise","19":"tag-societe"},"share_on_mastodon":{"url":"https:\/\/pubeurope.com\/@fr\/115739181946689561","error":""},"_links":{"self":[{"href":"https:\/\/www.europesays.com\/fr\/wp-json\/wp\/v2\/posts\/606900","targetHints":{"allow":["GET"]}}],"collection":[{"href":"https:\/\/www.europesays.com\/fr\/wp-json\/wp\/v2\/posts"}],"about":[{"href":"https:\/\/www.europesays.com\/fr\/wp-json\/wp\/v2\/types\/post"}],"author":[{"embeddable":true,"href":"https:\/\/www.europesays.com\/fr\/wp-json\/wp\/v2\/users\/2"}],"replies":[{"embeddable":true,"href":"https:\/\/www.europesays.com\/fr\/wp-json\/wp\/v2\/comments?post=606900"}],"version-history":[{"count":0,"href":"https:\/\/www.europesays.com\/fr\/wp-json\/wp\/v2\/posts\/606900\/revisions"}],"wp:featuredmedia":[{"embeddable":true,"href":"https:\/\/www.europesays.com\/fr\/wp-json\/wp\/v2\/media\/606901"}],"wp:attachment":[{"href":"https:\/\/www.europesays.com\/fr\/wp-json\/wp\/v2\/media?parent=606900"}],"wp:term":[{"taxonomy":"category","embeddable":true,"href":"https:\/\/www.europesays.com\/fr\/wp-json\/wp\/v2\/categories?post=606900"},{"taxonomy":"post_tag","embeddable":true,"href":"https:\/\/www.europesays.com\/fr\/wp-json\/wp\/v2\/tags?post=606900"}],"curies":[{"name":"wp","href":"https:\/\/api.w.org\/{rel}","templated":true}]}}