{"id":606910,"date":"2025-12-18T06:39:14","date_gmt":"2025-12-18T06:39:14","guid":{"rendered":"https:\/\/www.europesays.com\/fr\/606910\/"},"modified":"2025-12-18T06:39:14","modified_gmt":"2025-12-18T06:39:14","slug":"des-pourparlers-etats-unis-russie-prevus-a-miami-ce-week-end","status":"publish","type":"post","link":"https:\/\/www.europesays.com\/fr\/606910\/","title":{"rendered":"des pourparlers \u00c9tats-Unis-Russie pr\u00e9vus \u00e0 Miami ce week-end"},"content":{"rendered":"<p>Apr\u00e8s des rencontres \u00e0 Berlin entre responsables am\u00e9ricains, ukrainiens et europ\u00e9ens, des \u00e9missaires de la Russie et des \u00c9tats-Unis se rencontreront ce week-end des 20 et 21 d\u00e9cembre en Floride.<\/p>\n<p>Une rencontre entre \u00e9missaires russes et am\u00e9ricains sur la guerre en Ukraine aura lieu ce week-end \u00e0 Miami, en Floride, a annonc\u00e9 ce mercredi 17 d\u00e9cembre un responsable de la Maison Blanche.<\/p>\n<p>La pr\u00e9sidence am\u00e9ricaine n&rsquo;a fourni aucun d\u00e9tail sur la composition des d\u00e9l\u00e9gations. Selon le site <a href=\"https:\/\/www.politico.com\/news\/2025\/12\/17\/us-russia-ukraine-war-miami-00695305\" target=\"_blank\" class=\"external_link\" rel=\"noopener\">Politico<\/a>, les \u00c9tats-Unis seront repr\u00e9sent\u00e9s par l&rsquo;\u00e9missaire pour l&rsquo;Ukraine Steve Witkoff et le gendre du pr\u00e9sident Donald Trump Jared Kushner, tandis que la Russie devrait envoyer l&rsquo;\u00e9missaire du Kremlin pour les questions \u00e9conomiques Kirill Dmitriev.<\/p>\n<p><img decoding=\"async\" src=\"https:\/\/www.europesays.com\/fr\/wp-content\/uploads\/2025\/12\/principale-24_2.jpg\"  alt=\"Guerre en Ukraine: qu'est-ce que la zone d\u00e9militaris\u00e9e au c\u0153ur des n\u00e9gociations de paix?\" title=\"Guerre en Ukraine: qu'est-ce que la zone d\u00e9militaris\u00e9e au c\u0153ur des n\u00e9gociations de paix?\"\/>Guerre en Ukraine: qu&rsquo;est-ce que la zone d\u00e9militaris\u00e9e au c\u0153ur des n\u00e9gociations de paix?Une nouvelle \u00ab\u00a0ann\u00e9e de guerre\u00a0\u00bb en 2026?<\/p>\n<p>Cette nouvelle s\u00e9ance de pourparlers interviendra apr\u00e8s que le pr\u00e9sident ukrainien Volodymyr Zelensky a constat\u00e9 des \u00ab\u00a0progr\u00e8s\u00a0\u00bb vers un compromis entre Kiev et Washington sur le contenu d&rsquo;un plan \u00e0 proposer \u00e0 Moscou pour mettre fin aux combats, apr\u00e8s <a href=\"https:\/\/www.bfmtv.com\/international\/amerique-nord\/etats-unis\/donald-trump\/guerre-en-ukraine-donald-trump-assure-qu-un-accord-n-a-jamais-ete-aussi-proche_AD-202512150921.html\" title=\"Guerre en Ukraine: Donald Trump assure qu&#039;un accord n&#039;a &quot;jamais&quot; \u00e9t\u00e9 aussi &quot;proche&quot;\" class=\"internal_link\" target=\"_blank\" rel=\"noopener\">des rencontres \u00e0 Berlin<\/a> dimanche et lundi entre responsables am\u00e9ricains, ukrainiens et europ\u00e9ens. Volodymyr Zelensky a toutefois averti que la Russie se pr\u00e9parait selon lui \u00e0 une nouvelle \u00ab\u00a0ann\u00e9e de guerre\u00a0\u00bb en 2026.<\/p>\n<p>Le pr\u00e9sident russe <a href=\"https:\/\/www.bfmtv.com\/international\/asie\/russie\/de-jeunes-porcs-vladimir-poutine-affirme-que-les-dirigeants-europeens-cherchent-a-se-venger-de-la-russie_AV-202512170947.html\" title=\"De &quot;jeunes porcs&quot;: Vladimir Poutine affirme que les dirigeants europ\u00e9ens cherchent \u00e0 &quot;se venger&quot; de la Russie\" class=\"internal_link\" target=\"_blank\" rel=\"noopener\">Vladimir Poutine<\/a> a pour sa part affirm\u00e9 mercredi que les objectifs de son offensive en Ukraine \u00ab\u00a0seront sans aucun doute atteints\u00a0\u00bb.<\/p>\n<p>Les d\u00e9tails du plan am\u00e9ricain apr\u00e8s qu&rsquo;il a \u00e9t\u00e9 remani\u00e9 \u00e0 Berlin avec les Ukrainiens ne sont pas connus mais Kiev avait fait savoir qu&rsquo;il impliquait des concessions territoriales de sa part.<\/p>\n<p>Le document originel de Washington avait \u00e9t\u00e9 per\u00e7u par Kiev et les Europ\u00e9ens comme <a href=\"https:\/\/www.bfmtv.com\/international\/europe\/ukraine\/plan-de-paix-en-ukraine-jean-yves-le-drian-denonce-un-texte-trumpo-poutinien-et-appelle-a-renforcer-kiev_AV-202511270402.html\" title=\"Plan de paix en Ukraine: Jean-Yves Le Drian d\u00e9nonce &quot;un texte trumpo-poutinien&quot; et appelle \u00e0 &quot;renforcer&quot; Kiev\" class=\"internal_link\" target=\"_blank\" rel=\"noopener\">largement favorable<\/a> aux positions du Kremlin.<\/p>\n","protected":false},"excerpt":{"rendered":"Apr\u00e8s des rencontres \u00e0 Berlin entre responsables am\u00e9ricains, ukrainiens et europ\u00e9ens, des \u00e9missaires de la Russie et des&hellip;\n","protected":false},"author":2,"featured_media":606911,"comment_status":"","ping_status":"","sticky":false,"template":"","format":"standard","meta":{"footnotes":""},"categories":[1591],"tags":[11,1887,12,1885,1886,132],"class_list":{"0":"post-606910","1":"post","2":"type-post","3":"status-publish","4":"format-standard","5":"has-post-thumbnail","7":"category-russie","8":"tag-actualites","9":"tag-federation-de-russie","10":"tag-news","11":"tag-russia","12":"tag-russian-federation","13":"tag-russie"},"share_on_mastodon":{"url":"https:\/\/pubeurope.com\/@fr\/115739201759840613","error":""},"_links":{"self":[{"href":"https:\/\/www.europesays.com\/fr\/wp-json\/wp\/v2\/posts\/606910","targetHints":{"allow":["GET"]}}],"collection":[{"href":"https:\/\/www.europesays.com\/fr\/wp-json\/wp\/v2\/posts"}],"about":[{"href":"https:\/\/www.europesays.com\/fr\/wp-json\/wp\/v2\/types\/post"}],"author":[{"embeddable":true,"href":"https:\/\/www.europesays.com\/fr\/wp-json\/wp\/v2\/users\/2"}],"replies":[{"embeddable":true,"href":"https:\/\/www.europesays.com\/fr\/wp-json\/wp\/v2\/comments?post=606910"}],"version-history":[{"count":0,"href":"https:\/\/www.europesays.com\/fr\/wp-json\/wp\/v2\/posts\/606910\/revisions"}],"wp:featuredmedia":[{"embeddable":true,"href":"https:\/\/www.europesays.com\/fr\/wp-json\/wp\/v2\/media\/606911"}],"wp:attachment":[{"href":"https:\/\/www.europesays.com\/fr\/wp-json\/wp\/v2\/media?parent=606910"}],"wp:term":[{"taxonomy":"category","embeddable":true,"href":"https:\/\/www.europesays.com\/fr\/wp-json\/wp\/v2\/categories?post=606910"},{"taxonomy":"post_tag","embeddable":true,"href":"https:\/\/www.europesays.com\/fr\/wp-json\/wp\/v2\/tags?post=606910"}],"curies":[{"name":"wp","href":"https:\/\/api.w.org\/{rel}","templated":true}]}}