{"id":606927,"date":"2025-12-18T06:49:15","date_gmt":"2025-12-18T06:49:15","guid":{"rendered":"https:\/\/www.europesays.com\/fr\/606927\/"},"modified":"2025-12-18T06:49:15","modified_gmt":"2025-12-18T06:49:15","slug":"si-radio-france-est-un-club-alors-cest-un-club-tres-ouvert","status":"publish","type":"post","link":"https:\/\/www.europesays.com\/fr\/606927\/","title":{"rendered":"\u00ab\u00a0Si Radio France est un club, alors c\u2019est un club tr\u00e8s ouvert\u00a0\u00bb"},"content":{"rendered":"<p>Auditionn\u00e9e par la commission d\u2019enqu\u00eate sur l\u2019audiovisuel public, Sibyle Veil a d\u00e9fendu le groupe public face aux accusations d\u2019\u00e9litisme, de co\u00fbt excessif et de partialit\u00e9, tout en assumant l\u2019affaire Thomas Legrand.<\/p>\n<p><a href=\"https:\/\/www.lepoint.fr\/journalistes-du-point\/olivier-ubertalli\/\" class=\"author_card__image\" target=\"_blank\" rel=\"noopener\"><img decoding=\"async\" data-chromatic=\"ignore\" alt=\"Olivier Ubertalli\" class=\"author__image\" src=\"https:\/\/www.europesays.com\/fr\/wp-content\/uploads\/2025\/12\/https:\/\/author-service-images-prod-us-east-1.publishing.aws.arc.pub\/lepoint\/e20a6b89-c3ad-4693-ba68-.jpeg\"  loading=\"lazy\"\/><\/a><\/p>\n<p>Publi\u00e9 le 18\/12\/2025 \u00e0 07h42<\/p>\n<p><img decoding=\"async\" data-chromatic=\"ignore\" alt=\"Radio France CEO Sibyle Veil attends during a hearing before an enquiry commission of the National Assembly, on the neutrality, operation, and funding of public broadcasting in Paris, on December 17, 2025.  ' Stephane Lemouton\/SIPA\/\/LEMOUTONSTEPHANE_251217C020\/Credit:Stephane Lemouton\/SIPA\/2512171757\" src=\"https:\/\/www.europesays.com\/fr\/wp-content\/uploads\/2025\/12\/ZYCFIDOP6RMHDCXF6RBQYSIFLI.jpg\"  loading=\"lazy\"\/><\/p>\n<p>\u00c0 l&rsquo;Assembl\u00e9e nationale, Sibyle Veil est venue contester l\u2019image d\u2019un service public \u00e9litiste, hors-sol, trop co\u00fbteux et id\u00e9ologiquement marqu\u00e9 \u00e0 gauche. \u00a9 Stephane Lemouton\/SIPA<\/p>\n<p>Apr\u00e8s <a href=\"https:\/\/www.lepoint.fr\/economie\/frais-d-hotel-soupcons-d-emplois-fictifs-producteurs-controverses-les-reponses-de-delphine-ernotte-a-l-assemblee-10-12-2025-2605161_28.php\" target=\"_self\" rel=\"noopener\" title=\"https:\/\/www.lepoint.fr\/economie\/frais-d-hotel-soupcons-d-emplois-fictifs-producteurs-controverses-les-reponses-de-delphine-ernotte-a-l-assemblee-10-12-2025-2605161_28.php\">Delphine Ernotte<\/a>, Sibyle Veil. \u00c0 l\u2019Assembl\u00e9e nationale, l\u2019audition de la PDG de Radio France par la commission d\u2019enqu\u00eate sur l\u2019audiovisuel public a pris des allures de grand oral de d\u00e9fense du groupe public, dont la dotation publique s\u2019\u00e9l\u00e8ve \u00e0 645 millions d\u2019euros. Face \u00e0 Charles Alloncle, rapporteur UDR tr\u00e8s combatif, Sibyle Veil est venue contester l\u2019image d\u2019un service public \u00e9litiste, hors-sol, trop co\u00fbteux et id\u00e9ologiquement marqu\u00e9 \u00e0 gauche. \u00ab Si c\u2019est un club, alors c\u2019est un club tr\u00e8s ouvert \u00bb, souligne-t-elle, chiffres d\u2019audiences et exemples \u00e0 l\u2019appui, tout en se <a href=\"https:\/\/www.lepoint.fr\/societe\/affaire-thomas-legrand-les-journalistes-peuvent-ils-encore-avoir-des-conversations-de-bistrot-06-09-2025-2597925_23.php\" target=\"_self\" rel=\"noopener\" title=\"https:\/\/www.lepoint.fr\/societe\/affaire-thomas-legrand-les-journalistes-peuvent-ils-encore-avoir-des-conversations-de-bistrot-06-09-2025-2597925_23.php\">retrouvant sous le feu des questions sur l\u2019affaire Thomas Legrand<\/a>, les sanctions de Jean\u2011Fran\u00e7ois Achilli, les cong\u00e9s des journalistes, ou les chroniques de Sophia Aram sur France Inter, qui est \u00e9galement \u00e9ditorialiste au Point.Sibyle Veil commence par rappeler son mantra. Pour elle, Radio France n\u2019est ni un bastion parisien ferm\u00e9 ni un luxe fiscal. Elle aligne les chiffres : 81 % des auditeurs vivent hors de Paris, un tiers des salari\u00e9s aussi, plus de 700 heures de reportages de terrain sont produites chaque mois. Trois Fran\u00e7ais sur quatre consomment les contenus du groupe au moins une fois par mois. \u00ab Si c\u2019est un club, alors c\u2019est un club tr\u00e8s ouvert \u00bb, mart\u00e8le-t-elle. C\u00f4t\u00e9 facture, elle ram\u00e8ne le d\u00e9bat au centime pr\u00e8s. \u00ab Radio France co\u00fbte 80 centimes par mois et par Fran\u00e7ais \u00bb, pour des milliers d\u2019heures d\u2019information originale, des enqu\u00eates, 44 locales, plus de 500 heures de programmes de savoir par semaine et quatre formations musicales en tourn\u00e9e dans les villes moyennes.L\u2019affaire Legrand : l\u2019argumentaire de VeilTr\u00e8s vite, la s\u00e9ance se tend sur le terrain politique. Charles Alloncle, rapporteur UDR, assume que son tweet, o\u00f9 il \u00e9voquait autour de <a href=\"https:\/\/www.lepoint.fr\/societe\/affaire-thomas-legrand-patrick-cohen-la-classe-politique-s-empare-de-la-polemique-09-09-2025-2598259_23.php\" target=\"_self\" rel=\"noopener\" title=\"https:\/\/www.lepoint.fr\/societe\/affaire-thomas-legrand-patrick-cohen-la-classe-politique-s-empare-de-la-polemique-09-09-2025-2598259_23.php\">l\u2019affaire Patrick Cohen-Thomas Legrand<\/a> un possible \u00ab d\u00e9tournement de fonds publics \u00e0 des fins \u00e9lectorales \u00bb, est \u00ab parfaitement vrai \u00bb. Face \u00e0 lui, Sibyle Veil entreprend de d\u00e9monter m\u00e9thodiquement le soup\u00e7on. Elle rappelle d\u2019abord que Thomas Legrand \u00ab n\u2019a plus aucun contrat avec Radio France depuis le 31 ao\u00fbt \u00bb et qu\u2019il a d\u00e9missionn\u00e9 de la r\u00e9daction de France Inter en 2022. \u00ab J\u2019\u00e9tais \u00e9tonn\u00e9e de lire notamment dans les articles d\u2019Europe 1 qu\u2019il \u00e9tait encore pr\u00e9sent\u00e9 comme journaliste politique \u00e0 France Inter, alors qu\u2019il est \u00e9ditorialiste \u00e0 Lib\u00e9ration \u00bb, glisse-t-elle. L\u2019\u00e9mission d\u2019histoire des id\u00e9es politiques qu\u2019il animait s\u2019est arr\u00eat\u00e9e en juin et, explique-t-elle, il \u00ab ne repr\u00e9sentait pas la ligne \u00e9ditoriale de France Inter \u00bb et \u00ab n\u2019avait pas d\u2019influence \u00bb sur cette ligne.Sur la fameuse vid\u00e9o tourn\u00e9e \u00e0 son insu dans un caf\u00e9 parisien avec des \u00e9lus socialistes, la PDG estime que \u00ab le soup\u00e7on de complot politique ne tient pas \u00bb. \u00ab Cette vid\u00e9o a \u00e9t\u00e9 instrumentalis\u00e9e, on a essay\u00e9 de lui faire dire des choses qui, confront\u00e9es \u00e0 la r\u00e9alit\u00e9 des faits, ne tiennent pas \u00bb, affirme-t-elle, en soulignant que Radio France a \u00ab imm\u00e9diatement pris ses responsabilit\u00e9s \u00bb en suspendant Thomas Legrand \u00e0 titre conservatoire et en mettant fin \u00e0 toute collaboration. Patrick Cohen, lui, n\u2019a pas \u00e9t\u00e9 sanctionn\u00e9 : \u00ab Il ne dit rien dans cette vid\u00e9o et ne semble pas souscrire aux propos tenus \u00bb, justifie-t-elle, renvoyant \u00e0 la diff\u00e9rence de situation entre les deux journalistes.Le cas AchilliLa patronne de Radio France s\u2019en prend aussi aux m\u00e9thodes ayant permis la diffusion de conversations priv\u00e9es, notamment entre Thomas Legrand et l\u2019ancienne patronne de France Inter Laurence Bloch, aujourd\u2019hui retrait\u00e9e. \u00ab Je ne sais pas ce qu\u2019ils se sont dit, je n\u2019\u00e9tais pas \u00e0 la terrasse du caf\u00e9 \u00bb, l\u00e2che-t-elle, avant d\u2019ajouter, ironique : \u00ab Je lui conseillerais volontiers d\u2019arr\u00eater d\u2019aller dans les caf\u00e9s puisqu\u2019il doit y \u00eatre enregistr\u00e9. \u00bb Ces proc\u00e9d\u00e9s lui \u00ab font penser \u00e0 la RDA, quand tout le monde \u00e9tait sur \u00e9coute \u00bb, dit-elle, en d\u00e9non\u00e7ant la r\u00e9v\u00e9lation de rendez-vous priv\u00e9s. Le pr\u00e9sident de la commission, J\u00e9r\u00e9mie Patrier\u2011Leitus, abonde en son sens. Le d\u00e9put\u00e9 Horizons \u00ab conteste fermement les m\u00e9thodes \u00bb consistant \u00e0 mettre sur la place publique des \u00e9changes de ce type.<a href=\"https:\/\/www.lepoint.fr\/culture\/exclusif-radio-france-licencie-le-journaliste-francois-achili-pour-faute-grave-29-04-2024-2558966_3.php\" target=\"_self\" rel=\"noopener\" title=\"https:\/\/www.lepoint.fr\/culture\/exclusif-radio-france-licencie-le-journaliste-francois-achili-pour-faute-grave-29-04-2024-2558966_3.php\">Sur le cas de Jean\u2011Fran\u00e7ois Achilli, journaliste politique licenci\u00e9 pour faute grave comme Le Point l\u2019a r\u00e9v\u00e9l\u00e9<\/a> apr\u00e8s un projet avort\u00e9 de collaboration avec Jordan Bardella pour un livre, \u00e9voqu\u00e9 dans Le Monde, et des activit\u00e9s de m\u00e9dia training. Pourquoi le sanctionner pour des faits ext\u00e9rieurs \u00e0 l\u2019antenne, quand d\u2019autres ne le sont pas ? \u00ab Il faut regarder la situation de Jean\u2011Fran\u00e7ois Achilli au regard de nos r\u00e8gles d\u00e9ontologiques \u00bb, r\u00e9pond Sibyle Veil. Elle rappelle l\u2019existence d\u2019un corpus interne sur les conflits d\u2019int\u00e9r\u00eats et le devoir de r\u00e9serve. \u00ab Je les ai appliqu\u00e9es pour Jean\u2011Fran\u00e7ois Achilli comme je les ai appliqu\u00e9es pour les autres salari\u00e9s de Radio France \u00bb, insiste-t-elle. \u00ab Ce n\u2019est pas de gaiet\u00e9 de c\u0153ur qu\u2019on se s\u00e9pare d\u2019un journaliste qui a travaill\u00e9 pendant aussi longtemps sur nos antennes \u00bb, ajoute-t-elle, en revendiquant des d\u00e9cisions individuelles parfois \u00ab incomprises \u00bb pour \u00e9viter un soup\u00e7on sur le collectif qui nuirait \u00e0 la confiance du public.\u00ab France Inter n\u2019est ni de droite ni de gauche \u00bbSur la neutralit\u00e9 politique des antennes, le rapporteur pousse l\u2019offensive un cran plus loin. Selon lui, trop de cadres de Radio France seraient issus de la galaxie socialiste. \u00ab Qu\u2019est-ce que vous r\u00e9pondez \u00e0 cette h\u00e9g\u00e9monie des socialistes qui repr\u00e9sentent moins de 2 % aux derni\u00e8res \u00e9lections pr\u00e9sidentielles ? \u00bb attaque-t-il. Sibyle Veil r\u00e9plique en invoquant la \u00ab libert\u00e9 de conscience \u00bb des salari\u00e9s, l\u2019unique crit\u00e8re devant \u00eatre, selon elle, leur \u00ab professionnalisme \u00bb. Elle rappelle que, dans le m\u00eame temps, des articles accusent France Inter tant\u00f4t d\u2019\u00eatre trop \u00e0 gauche, tant\u00f4t de \u00ab glisser vers la droite \u00bb. \u00ab Il y a une lecture extr\u00eamement polaris\u00e9e de ce qu\u2019est France Inter \u00bb, regrette-t-elle.La question du public de la station est \u00e9galement convoqu\u00e9e : comment expliquer que 70 % des auditeurs de France Inter aient vot\u00e9 \u00e0 gauche en 2024, si la ligne n\u2019est pas de gauche ? <a href=\"https:\/\/www.lepoint.fr\/societe\/radio-france-sibyle-veil-une-femme-de-l-ombre-en-pleine-lumiere-12-04-2018-2210239_23.php\" target=\"_self\" rel=\"noopener\" title=\"https:\/\/www.lepoint.fr\/societe\/radio-france-sibyle-veil-une-femme-de-l-ombre-en-pleine-lumiere-12-04-2018-2210239_23.php\">Sibyle Veil<\/a> r\u00e9pond en d\u00e9pla\u00e7ant le curseur : la radio est, depuis plusieurs ann\u00e9es, la plus \u00e9cout\u00e9e de France, signe qu\u2019\u00ab elle a su donner des raisons \u00e0 chacun \u00bb de la choisir. \u00ab France Inter n\u2019est ni de droite ni de gauche \u00bb, mart\u00e8le-t-elle. Le succ\u00e8s de la cha\u00eene viendrait surtout, selon elle, de la force de ses tranches d\u2019information, \u00ab professionnelles et fiables \u00bb, que les auditeurs identifient comme un \u00ab m\u00e9dia de confiance \u00bb. Les \u00e9missions culturelles, ajoute-t-elle, \u00ab ne peuvent pas \u00eatre qualifi\u00e9es politiquement \u00bb.La Palestine, Sophie Aram, Guillaume Meurice\u2026Les d\u00e9put\u00e9s s\u2019attardent aussi sur des s\u00e9quences controvers\u00e9es. Charles Alloncle met en cause l\u2019invitation r\u00e9p\u00e9t\u00e9e du journaliste palestinien Rami Abou Jamous, qui a contest\u00e9 sur France Culture la qualification terroriste du Hamas et tenu des propos assimil\u00e9s \u00e0 des th\u00e8ses complotistes sur le 7 Octobre et le 11 Septembre. Sibyle Veil d\u00e9fend ses \u00e9quipes. \u00ab Il y a bien eu, comme c\u2019est le devoir de nos journalistes, une contradiction en temps r\u00e9el \u00bb, assure-t-elle, citant Guillaume Erner. Radio France, insiste-t-elle, s\u2019efforce de \u00ab repr\u00e9senter l\u2019ensemble des points de vue tant que ce n\u2019est pas contraire au droit et \u00e0 la science \u00bb. Selon elle, le \u00ab caract\u00e8re complotiste \u00bb des propos de l\u2019invit\u00e9 \u00ab n\u2019est pas attest\u00e9 \u00e0 ce jour \u00bb, faute de quoi il n\u2019aurait pas \u00e9t\u00e9 \u00e0 l\u2019antenne.Comme \u00e0 son habitude, la d\u00e9put\u00e9e LFI Ersilia Soudais ouvre un autre front en qualifiant les chroniques de Sophia Aram de \u00ab racistes \u00bb, d\u00e9clenchant une vive r\u00e9action du pr\u00e9sident de la commission. \u00ab On n\u2019est pas l\u00e0 pour insulter les salari\u00e9s de l\u2019audiovisuel public de racistes \u00bb, la recadre J\u00e9r\u00e9mie Patrier\u2011Leitus, qui lui demande de distinguer critique \u00e9ditoriale et mise en cause personnelle. La m\u00eame d\u00e9put\u00e9e met aussi en cause la baisse d\u2019audience de France Inter depuis le licenciement de l\u2019humoriste Guillaume Meurice et ironise sur la formule de Veil selon laquelle France Inter n\u2019est \u00ab ni de droite ni de gauche \u00bb, assimil\u00e9e \u00e0 un slogan macroniste. La PDG s\u2019en tient \u00e0 un argument quantitatif. \u00ab Guillaume Meurice a quitt\u00e9 l\u2019antenne en juin 2024 et la saison suivante a \u00e9t\u00e9 la meilleure pour France Inter \u00bb, affirme-t-elle, jugeant impossible d\u2019\u00e9tablir une corr\u00e9lation simple entre sa pr\u00e9sence et les audiences. Elle regrette en outre que l\u2019humoriste n\u2019ait \u00ab cess\u00e9 de d\u00e9nigrer l\u2019entreprise \u00bb apr\u00e8s la premi\u00e8re sanction, tout en r\u00e9it\u00e9rant la blague \u00e9pingl\u00e9e par l\u2019Arcom.Un mod\u00e8le social en questionLes d\u00e9put\u00e9s s\u2019attaquent aussi au \u201cmod\u00e8le social\u201d de Radio France. Charles Alloncle d\u00e9nonce des avantages \u00ab exorbitants \u00bb. \u00ab Quatorze semaines de cong\u00e9s pay\u00e9s pour les journalistes de Radio France, douze semaines pour le personnel \u00bb, dit-il, allant jusqu\u2019\u00e0 parler de salari\u00e9s \u00ab en vacances un jour sur trois \u00bb, loin du droit commun. Sibyle Veil conc\u00e8de des \u00ab horaires atypiques \u00bb n\u00e9cessitant des temps de repos et de r\u00e9cup\u00e9ration, mais assure que des r\u00e9formes sont en cours. \u00ab Nous avons n\u00e9goci\u00e9 \u00e0 l\u2019\u00e9t\u00e9 2024 une r\u00e9forme de nos jours de cong\u00e9 pour limiter notamment les jours qui peuvent \u00eatre \u00e9pargn\u00e9s annuellement. C\u2019est un sujet que nous avons bien \u00e0 l\u2019esprit et que nous discutons avec nos organisations syndicales \u00bb, insiste-t-elle. Marie Message, directrice g\u00e9n\u00e9rale adjointe de Radio France, rappelle que \u00ab beaucoup de [leurs] salari\u00e9s travaillent la nuit \u00bb, pour justifier primes et compensations.La PDG revient enfin sur le r\u00f4le du service public dans un contexte de d\u00e9sinformation massive. Elle cite plusieurs enqu\u00eates o\u00f9 les r\u00e9dactions de Radio France ont mis au jour des op\u00e9rations d\u2019influence \u00e9trang\u00e8res, notamment celles sur les \u00e9toiles de David tagu\u00e9es \u00e0 Paris, r\u00e9v\u00e9lant une op\u00e9ration coordonn\u00e9e par des r\u00e9seaux li\u00e9s \u00e0 la Russie, ainsi que des sujets sur le danger des eaux Nestl\u00e9, l\u2019ampleur de la prostitution des mineures plac\u00e9es, et l\u2019investissement de la \u00ab big tech \u00bb dans les \u00e9coles. La dirigeante met en garde contre des campagnes qui constituent, \u00e0 ses yeux, \u00ab un souci majeur pour l\u2019\u00e9quilibre de nos d\u00e9mocraties \u00bb. \u00ab C\u2019est le moment o\u00f9 il faut d\u00e9fendre le service public de l\u2019information \u00bb, plaide-t-elle, qualifiant Radio France d\u2019\u00ab outil souverain, ind\u00e9pendant \u00bb, \u00ab plus que jamais indispensable \u00bb.120 millions d\u2019\u00e9conomiesAu fil de l\u2019audition, Sibyle Veil met en avant un groupe public Radio France moderne, ma\u00eetris\u00e9, r\u00e9formateur \u2013 \u00ab 120 millions d\u2019euros d\u2019\u00e9conomies en dix ans, soit 20 % du budget \u00bb \u2013 et assume des sanctions individuelles au nom d\u2019un corpus d\u00e9ontologique renforc\u00e9. Elle d\u00e9nonce ce qu\u2019elle per\u00e7oit comme des proc\u00e8s d\u2019intention et des m\u00e9thodes intrusives. Une ligne de cr\u00eate qui r\u00e9sume bien l\u2019enjeu de la commission : savoir si l\u2019audiovisuel public est un club ferm\u00e9 \u00e0 d\u00e9manteler, ou, comme elle le r\u00e9p\u00e8te, un \u00ab club tr\u00e8s ouvert \u00bb dont il faudrait plut\u00f4t consolider les murs.<\/p>\n<p class=\"newsletter-subscription__disclaimer\">En vous inscrivant, vous acceptez les <a class=\"c-link newsletter-subscription__legal-link\" href=\"https:\/\/www.lepoint.fr\/html\/cgu\/\" target=\"_blank\" rel=\"noopener\">conditions g\u00e9n\u00e9rales d&rsquo;utilisation<\/a> et notre <a class=\"c-link newsletter-subscription__legal-link\" href=\"https:\/\/www.lepoint.fr\/html\/politique-de-protection-donnees-personnelles\/\" target=\"_blank\" rel=\"noopener\">politique de confidentialit\u00e9<\/a>.<\/p>\n","protected":false},"excerpt":{"rendered":"Auditionn\u00e9e par la commission d\u2019enqu\u00eate sur l\u2019audiovisuel public, Sibyle Veil a d\u00e9fendu le groupe public face aux accusations&hellip;\n","protected":false},"author":2,"featured_media":606928,"comment_status":"","ping_status":"","sticky":false,"template":"","format":"standard","meta":{"footnotes":""},"categories":[4],"tags":[11,416,1011,27,594,12,10316,25],"class_list":{"0":"post-606927","1":"post","2":"type-post","3":"status-publish","4":"format-standard","5":"has-post-thumbnail","7":"category-france","8":"tag-actualites","9":"tag-assemblee-nationale","10":"tag-fr","11":"tag-france","12":"tag-france-2","13":"tag-news","14":"tag-radio-france","15":"tag-republique-francaise"},"share_on_mastodon":{"url":"https:\/\/pubeurope.com\/@fr\/115739241724417932","error":""},"_links":{"self":[{"href":"https:\/\/www.europesays.com\/fr\/wp-json\/wp\/v2\/posts\/606927","targetHints":{"allow":["GET"]}}],"collection":[{"href":"https:\/\/www.europesays.com\/fr\/wp-json\/wp\/v2\/posts"}],"about":[{"href":"https:\/\/www.europesays.com\/fr\/wp-json\/wp\/v2\/types\/post"}],"author":[{"embeddable":true,"href":"https:\/\/www.europesays.com\/fr\/wp-json\/wp\/v2\/users\/2"}],"replies":[{"embeddable":true,"href":"https:\/\/www.europesays.com\/fr\/wp-json\/wp\/v2\/comments?post=606927"}],"version-history":[{"count":0,"href":"https:\/\/www.europesays.com\/fr\/wp-json\/wp\/v2\/posts\/606927\/revisions"}],"wp:featuredmedia":[{"embeddable":true,"href":"https:\/\/www.europesays.com\/fr\/wp-json\/wp\/v2\/media\/606928"}],"wp:attachment":[{"href":"https:\/\/www.europesays.com\/fr\/wp-json\/wp\/v2\/media?parent=606927"}],"wp:term":[{"taxonomy":"category","embeddable":true,"href":"https:\/\/www.europesays.com\/fr\/wp-json\/wp\/v2\/categories?post=606927"},{"taxonomy":"post_tag","embeddable":true,"href":"https:\/\/www.europesays.com\/fr\/wp-json\/wp\/v2\/tags?post=606927"}],"curies":[{"name":"wp","href":"https:\/\/api.w.org\/{rel}","templated":true}]}}