{"id":606931,"date":"2025-12-18T06:52:26","date_gmt":"2025-12-18T06:52:26","guid":{"rendered":"https:\/\/www.europesays.com\/fr\/606931\/"},"modified":"2025-12-18T06:52:26","modified_gmt":"2025-12-18T06:52:26","slug":"cetait-la-premiere-fois-quon-scandait-mon-nom-alex-arrate-touche-par-lhommage-recu-a-la-rabine-avant-rc-vannes-biarritz","status":"publish","type":"post","link":"https:\/\/www.europesays.com\/fr\/606931\/","title":{"rendered":"\u00ab\u00a0C\u2019\u00e9tait la premi\u00e8re fois qu\u2019on scandait mon nom\u00a0\u00bb\u00a0: Alex Arrate touch\u00e9 par l\u2019hommage re\u00e7u \u00e0 La Rabine avant RC Vannes &#8211; Biarritz"},"content":{"rendered":"<p>Comme un symbole, c\u2019est avant le match entre son dernier club, le <a href=\"https:\/\/www.letelegramme.fr\/sports\/rugby\/rc-vannes\/\" target=\"_blank\" rel=\"noopener\">RC Vannes<\/a>, et son club formateur, Biarritz, qu\u2019Alex\u00a0Arrate a \u00e9t\u00e9 honor\u00e9. Le centre, contraint de mettre un terme \u00e0 sa carri\u00e8re \u00e0 seulement 28 ans, a re\u00e7u un hommage poignant de La Rabine. L\u2019ancien du Stade Fran\u00e7ais, cadre du titre de Pro D2 du RCV en 2024, a \u00e9t\u00e9 ovationn\u00e9, son nom a \u00e9t\u00e9 scand\u00e9, des pancartes et autre t\u00eate \u00e0 son effigie ont \u00e9t\u00e9 brandies dans l\u2019enceinte vannetaise. Un moment fort pour le joueur.<\/p>\n<p>\u00ab Honn\u00eatement, je ne m\u2019attendais pas du tout \u00e0 \u00e7a, a-t-il confi\u00e9, ce mardi, lors de la conf\u00e9rence de presse sur les raisons de sa d\u00e9cision de prendre sa retraite. Je remercie le club de m\u2019avoir donn\u00e9 la possibilit\u00e9 de m\u2019exprimer devant les supporters. \u00c7a me semblait important aussi. Comme je leur ai dit, sans ce public, la route serait bien plus longue. Les matchs seraient bien plus compliqu\u00e9s. Peut-\u00eatre que sur certains money time, on ne remporterait pas tous nos matchs. Mais honn\u00eatement, j\u2019ai \u00e9t\u00e9 tr\u00e8s surpris. Je ne m\u2018attendais pas \u00e0 ce qu\u2019ils me rendent un hommage. Une derni\u00e8re sortie dans ce stade, c\u2018\u00e9tait exceptionnel ! C\u2019\u00e9tait la premi\u00e8re fois qu\u2019on scandait mon nom. Que tout le monde m\u2019applaudissait. C\u2018\u00e9tait quelque chose d\u2019incroyable. Je m\u2019en souviendrai vraiment toute ma vie. J\u2019ai m\u00eame des copains qui ont pris des vid\u00e9os. Je la garderai bien dans mon t\u00e9l\u00e9phone. Je les remercie \u00e9norm\u00e9ment pour \u00e7a. Ils ne me devaient rien. \u00c7a m\u2019a \u00e9norm\u00e9ment touch\u00e9. J\u2019ai vraiment appr\u00e9ci\u00e9 ce geste. Je sais qu\u2019il y avait une petite poign\u00e9e de supporters du BO qui m\u2019ont rendu hommage avec des petites pancartes. Le club du BO m\u2019a donn\u00e9 un maillot. Je les remercie aussi pour \u00e7a. Et mine de rien, de finir par Vannes &#8211; Biarritz, mon premier club contre mon dernier club professionnel, quelque part, c\u2018est aussi un petit clin d\u2019\u0153il et un signe. C\u2019\u00e9tait une super soir\u00e9e. Je remercie vraiment tout le monde. Que ce soit le club, les supporters, mes co\u00e9quipiers pour tous leurs messages de sympathie. \u00bb<\/p>\n","protected":false},"excerpt":{"rendered":"Comme un symbole, c\u2019est avant le match entre son dernier club, le RC Vannes, et son club formateur,&hellip;\n","protected":false},"author":2,"featured_media":606932,"comment_status":"","ping_status":"","sticky":false,"template":"","format":"standard","meta":{"footnotes":""},"categories":[1416],"tags":[1011,27,2308,3164,3167,479,1468,60,3165],"class_list":{"0":"post-606931","1":"post","2":"type-post","3":"status-publish","4":"format-standard","5":"has-post-thumbnail","7":"category-rugby","8":"tag-fr","9":"tag-france","10":"tag-pro-d2","11":"tag-rc-vannes","12":"tag-rcv","13":"tag-rugby","14":"tag-rugby-football","15":"tag-sports","16":"tag-vannes"},"share_on_mastodon":{"url":"https:\/\/pubeurope.com\/@fr\/115739252684526144","error":""},"_links":{"self":[{"href":"https:\/\/www.europesays.com\/fr\/wp-json\/wp\/v2\/posts\/606931","targetHints":{"allow":["GET"]}}],"collection":[{"href":"https:\/\/www.europesays.com\/fr\/wp-json\/wp\/v2\/posts"}],"about":[{"href":"https:\/\/www.europesays.com\/fr\/wp-json\/wp\/v2\/types\/post"}],"author":[{"embeddable":true,"href":"https:\/\/www.europesays.com\/fr\/wp-json\/wp\/v2\/users\/2"}],"replies":[{"embeddable":true,"href":"https:\/\/www.europesays.com\/fr\/wp-json\/wp\/v2\/comments?post=606931"}],"version-history":[{"count":0,"href":"https:\/\/www.europesays.com\/fr\/wp-json\/wp\/v2\/posts\/606931\/revisions"}],"wp:featuredmedia":[{"embeddable":true,"href":"https:\/\/www.europesays.com\/fr\/wp-json\/wp\/v2\/media\/606932"}],"wp:attachment":[{"href":"https:\/\/www.europesays.com\/fr\/wp-json\/wp\/v2\/media?parent=606931"}],"wp:term":[{"taxonomy":"category","embeddable":true,"href":"https:\/\/www.europesays.com\/fr\/wp-json\/wp\/v2\/categories?post=606931"},{"taxonomy":"post_tag","embeddable":true,"href":"https:\/\/www.europesays.com\/fr\/wp-json\/wp\/v2\/tags?post=606931"}],"curies":[{"name":"wp","href":"https:\/\/api.w.org\/{rel}","templated":true}]}}