{"id":606933,"date":"2025-12-18T06:54:42","date_gmt":"2025-12-18T06:54:42","guid":{"rendered":"https:\/\/www.europesays.com\/fr\/606933\/"},"modified":"2025-12-18T06:54:42","modified_gmt":"2025-12-18T06:54:42","slug":"atp-lannonce-pleine-dhumour-de-rafael-nadal-je-pense-que-je-ne-pourrai-pas-participer-a-lopen-daustralie-en-janvier-jai-du-subir-une-intervention-chirurgicale","status":"publish","type":"post","link":"https:\/\/www.europesays.com\/fr\/606933\/","title":{"rendered":"ATP > L&rsquo;annonce pleine d&rsquo;humour de Rafael Nadal : \u00ab\u00a0Je pense que je ne pourrai pas participer \u00e0 l&rsquo;Open d&rsquo;Australie en janvier. J&rsquo;ai d\u00fb subir une intervention chirurgicale\u00a0\u00bb"},"content":{"rendered":"<p>Rafael Nadal n\u2019a pas perdu son sens de l\u2019humour.<\/p>\n<p>Un peu plus d\u2019un an apr\u00e8s avoir mis un terme d\u00e9fi\u00adnitif \u00e0 sa carri\u00e8re, l\u2019homme aux 14 Roland\u2010Garros a publi\u00e9 ce vendredi un commu\u00adniqu\u00e9 tr\u00e8s dr\u00f4le annon\u00ad\u00e7ant son probable forfait pour l\u2019Open d\u2019Australie suite \u00e0 une op\u00e9ra\u00adtion chirur\u00adgi\u00adcale au niveau de la\u00a0main.\u00a0<\/p>\n<blockquote class=\"twitter-tweet\">\n<p lang=\"es\" dir=\"ltr\">Me parece que no podr\u00e9 jugar el <a href=\"https:\/\/twitter.com\/AustralianOpen?ref_src=twsrc%5Etfw\" data-wpel-link=\"external\" target=\"_blank\" rel=\"nofollow external noopener\">@australianopen<\/a> en enero \ud83d\ude02 <\/p>\n<p>He tenido que some\u00adterme a una inter\u00adven\u00adci\u00f3n en la mano por un problema que ven\u00eda arras\u00adtrando desde hace mucho tiempo, \u00a1pero espero estar bien pronto\u202f! \ud83e\udd17<\/p>\n<p>Looks like I won\u2019t be able to play the <a href=\"https:\/\/twitter.com\/AustralianOpen?ref_src=twsrc%5Etfw\" data-wpel-link=\"external\" target=\"_blank\" rel=\"nofollow external noopener\">@AustralianOpen<\/a> 2026 \ud83d\ude02<\/p>\n<p>I\u2026 <a href=\"https:\/\/t.co\/XIizIdOtOl\" data-wpel-link=\"external\" target=\"_blank\" rel=\"nofollow external noopener\">pic.twitter.com\/XIizIdOtOl<\/a><\/p>\n<p>\u2014 Rafa Nadal (@RafaelNadal) <a href=\"https:\/\/twitter.com\/RafaelNadal\/status\/1999460652683792560?ref_src=twsrc%5Etfw\" data-wpel-link=\"external\" target=\"_blank\" rel=\"nofollow external noopener\">December 12,\u00a02025<\/a><\/p><\/blockquote>\n<p><strong>\u00ab\u202fJe pense que je ne pourrai pas parti\u00adciper \u00e0 l\u2019Open d\u2019Australie en janvier. J\u2019ai d\u00fb subir une inter\u00adven\u00adtion chirur\u00adgi\u00adcale \u00e0 la main en raison d\u2019un probl\u00e8me qui me g\u00eanait depuis long\u00adtemps, mais j\u2019es\u00adp\u00e8re \u00eatre bient\u00f4t r\u00e9tabli\u202f!\u202f\u00bb<\/strong>, a \u00e9crit l\u2019ex\u2010champion espa\u00adgnol sur ses r\u00e9seaux sociaux.\u00a0<\/p>\n<p>Une annonce qui a fait beau\u00adcoup r\u00e9agir et rire les fans et obser\u00adva\u00adteurs du monde entier.\u00a0<\/p>\n<p class=\"post-published-date\" style=\"color: silver; font-size: 75%; text-align: left;\">Publi\u00e9 le vendredi 12 d\u00e9cembre 2025 \u00e0 14:04<\/p>\n<p>  <script async src=\"https:\/\/platform.twitter.com\/widgets.js\" charset=\"utf-8\"><\/script><\/p>\n","protected":false},"excerpt":{"rendered":"Rafael Nadal n\u2019a pas perdu son sens de l\u2019humour. Un peu plus d\u2019un an apr\u00e8s avoir mis un&hellip;\n","protected":false},"author":2,"featured_media":213368,"comment_status":"","ping_status":"","sticky":false,"template":"","format":"standard","meta":{"footnotes":""},"categories":[1415],"tags":[1011,27,1960,60,1467],"class_list":{"0":"post-606933","1":"post","2":"type-post","3":"status-publish","4":"format-standard","5":"has-post-thumbnail","7":"category-tennis","8":"tag-fr","9":"tag-france","10":"tag-nadal","11":"tag-sports","12":"tag-tennis"},"share_on_mastodon":{"url":"https:\/\/pubeurope.com\/@fr\/115739260543189494","error":""},"_links":{"self":[{"href":"https:\/\/www.europesays.com\/fr\/wp-json\/wp\/v2\/posts\/606933","targetHints":{"allow":["GET"]}}],"collection":[{"href":"https:\/\/www.europesays.com\/fr\/wp-json\/wp\/v2\/posts"}],"about":[{"href":"https:\/\/www.europesays.com\/fr\/wp-json\/wp\/v2\/types\/post"}],"author":[{"embeddable":true,"href":"https:\/\/www.europesays.com\/fr\/wp-json\/wp\/v2\/users\/2"}],"replies":[{"embeddable":true,"href":"https:\/\/www.europesays.com\/fr\/wp-json\/wp\/v2\/comments?post=606933"}],"version-history":[{"count":0,"href":"https:\/\/www.europesays.com\/fr\/wp-json\/wp\/v2\/posts\/606933\/revisions"}],"wp:featuredmedia":[{"embeddable":true,"href":"https:\/\/www.europesays.com\/fr\/wp-json\/wp\/v2\/media\/213368"}],"wp:attachment":[{"href":"https:\/\/www.europesays.com\/fr\/wp-json\/wp\/v2\/media?parent=606933"}],"wp:term":[{"taxonomy":"category","embeddable":true,"href":"https:\/\/www.europesays.com\/fr\/wp-json\/wp\/v2\/categories?post=606933"},{"taxonomy":"post_tag","embeddable":true,"href":"https:\/\/www.europesays.com\/fr\/wp-json\/wp\/v2\/tags?post=606933"}],"curies":[{"name":"wp","href":"https:\/\/api.w.org\/{rel}","templated":true}]}}