{"id":606938,"date":"2025-12-18T07:02:12","date_gmt":"2025-12-18T07:02:12","guid":{"rendered":"https:\/\/www.europesays.com\/fr\/606938\/"},"modified":"2025-12-18T07:02:12","modified_gmt":"2025-12-18T07:02:12","slug":"mercotte-83-ans-revele-une-anecdote-intime-sur-son-premier-amour","status":"publish","type":"post","link":"https:\/\/www.europesays.com\/fr\/606938\/","title":{"rendered":"Mercotte, 83 ans, r\u00e9v\u00e8le une anecdote intime sur son premier amour"},"content":{"rendered":"<p>Apr\u00e8s plus de dix ans pass\u00e9s \u00e0 faire trembler les candidats avec<br \/>\nses mythiques \u00e9preuves techniques, Mercotte a<br \/>\n<strong>officiellement fait ses adieux<\/strong> au Meilleur<br \/>\nP\u00e2tissier lors de la finale de la saison 14. Une soir\u00e9e charg\u00e9e<br \/>\nd\u2019\u00e9motion, marqu\u00e9e par une pluie d\u2019hommages. Sous la tente, de<br \/>\ngrands noms de la p\u00e2tisserie comme Pierre Herm\u00e9, Christophe<br \/>\nMichalak, Nina M\u00e9tayer ou encore No\u00e9mie Honiat sont venus saluer<br \/>\ncelle qui a <strong>transmis sa passion \u00e0 des millions de<br \/>\nt\u00e9l\u00e9spectateurs.<\/strong> Tr\u00e8s touch\u00e9e, Mercotte avait alors confi\u00e9<br \/>\npartir \u00ab joyeusement, le c\u0153ur l\u00e9ger \u00bb, non sans quelques<br \/>\nlarmes. Son complice de toujours, <a href=\"https:\/\/www.melty.fr\/people\/mercotte-fait-ses-adieux-au-meilleur-patissier-cyril-lignac-a-le-coeur-serre-tu-vas-me-manquer-2282410.html\" target=\"_blank\" rel=\"noopener\"><br \/>\nCyril Lignac, n\u2019a pas cach\u00e9 son \u00e9motion non plus.<\/a> \u00ab Je<br \/>\nt\u2019aime ma Mercotte \u00bb, lui a-t-il souffl\u00e9, visiblement<br \/>\nboulevers\u00e9.<\/p>\n<p>Surprise, larmes et gourmandise : Mercotte fait ses adieux au<br \/>\njury et lance son ultime d\u00e9fi sur M6<\/p>\n<p>Et comme si cela ne suffisait pas, la famille de la p\u00e2tissi\u00e8re a<br \/>\n<strong>fait une apparition surprise,<\/strong> provoquant un<br \/>\n\u00e9mouvant \u00ab Oh putain ! \u00bb de la principale int\u00e9ress\u00e9e,<br \/>\navant <a href=\"https:\/\/www.melty.fr\/tele\/mercotte-le-meilleur-patissier-cest-fini-a-83-ans-m6-na-pas-su-comment-joindre-sa-famille-2282163.html\" target=\"_blank\" rel=\"noopener\"><br \/>\nqu\u2019elle ne fonde en larmes devant ses petites-filles.<\/a><br \/>\n\u00a0Mais si elle quitte le jury du Meilleur P\u00e2tissier, la<br \/>\npassionn\u00e9e de desserts n\u2019a pas totalement rang\u00e9 son tablier. Demain<br \/>\nsoir, sur M6, elle <strong>anime le tout premier num\u00e9ro<\/strong> du<br \/>\nMeilleur p\u00e2tissier : qui sera plus fort que le grimoire de Mercotte<br \/>\n?<\/p>\n<p>Un d\u00e9fi in\u00e9dit, imagin\u00e9 comme un dernier clin d\u2019\u0153il <strong>\u00e0 sa<br \/>\ncarri\u00e8re t\u00e9l\u00e9visuelle.<\/strong> Pour l\u2019occasion, huit anciens<br \/>\ncandidats embl\u00e9matiques ont \u00e9t\u00e9 r\u00e9unis : Alexandre, Marianela,<br \/>\nRomain, Reine, J\u00e9r\u00f4me, Julien, Fanny et Anne-Loup. Tous vont devoir<br \/>\nse confronter <strong>aux secrets bien gard\u00e9s<\/strong> du fameux<br \/>\ngrimoire.<\/p>\n<p>Un g\u00e2teau, un souvenir : la p\u00e2tissi\u00e8re surprend les candidats<br \/>\navec une \u00e9preuve tr\u00e8s personnelle<\/p>\n<p>Et d\u00e8s la premi\u00e8re \u00e9preuve, Mercotte <strong>frappe fort\u2026 et<br \/>\npersonnel.<\/strong> \u00ab Il m\u2019a fallu des ann\u00e9es de travail et<br \/>\nplusieurs tours du monde pour d\u00e9nicher ces recettes ancestrales.<br \/>\nJ\u2019ai choisi pour vous mes g\u00e2teaux pr\u00e9f\u00e9r\u00e9s \u00bb, annonce-t-elle,<br \/>\nle sourire en coin. \u00c0 ses c\u00f4t\u00e9s, Norbert Tarayre pr\u00e9vient les<br \/>\ncandidats, <strong>mi-amus\u00e9 mi-inquiet<\/strong> : \u00ab Quand<br \/>\nMercotte dit \u201cpr\u00e9f\u00e9r\u00e9s\u201d, \u00e7a veut dire que \u00e7a va \u00eatre horrible\u2026<br \/>\nenfin pour vous ! \u00bb. Mais le plus surprenant arrive juste<br \/>\napr\u00e8s.<\/p>\n<blockquote class=\"twitter-tweet\" data-media-max-width=\"560\">\n<p dir=\"ltr\" lang=\"fr\">Pour cette premi\u00e8re \u00e9preuve, tir\u00e9e de son<br \/>\ngrimoire, Mercotte demande aux p\u00e2tissiers de r\u00e9aliser un Ch\u00e9ri Cake<br \/>\n! <a href=\"https:\/\/twitter.com\/hashtag\/LMP?src=hash&amp;ref_src=twsrc%5Etfw\" target=\"_blank\" rel=\"noopener\">#LMP<\/a><br \/>\n: qui sera plus fort que le grimoire de Mercotte ?, jeudi \u00e0 21:10<br \/>\nsur M6 et en streaming sur <a href=\"https:\/\/twitter.com\/M6plusofficiel?ref_src=twsrc%5Etfw\" target=\"_blank\" rel=\"noopener\">@M6plusofficiel<\/a><br \/>\n<a href=\"https:\/\/t.co\/sGZe9arLai\">pic.twitter.com\/sGZe9arLai<\/a><\/p>\n<p>\u2014 M6 (@M6) <a href=\"https:\/\/twitter.com\/M6\/status\/2000974202006843421?ref_src=twsrc%5Etfw\" target=\"_blank\" rel=\"noopener\"><br \/>\nDecember 16, 2025<\/a><\/p>\n<\/blockquote>\n<p>Pour lancer la comp\u00e9tition, Mercotte d\u00e9voile une \u00e9preuve tr\u00e8s<br \/>\nsp\u00e9ciale : la r\u00e9alisation d\u2019un ch\u00e9ri cake, un g\u00e2teau directement<br \/>\nli\u00e9 \u00e0 <strong>son tout premier amour de jeunesse.<\/strong> Oui,<br \/>\noui. Celui qu\u2019un gar\u00e7on avait imagin\u00e9 et pr\u00e9par\u00e9 sp\u00e9cialement pour<br \/>\nla s\u00e9duire. Toutefois, elle est consciente que cette recette n\u2019a<br \/>\nrien d\u2019un g\u00e2teau facile \u00e0 faire.<\/p>\n<p>\u00ab Elle est bien meilleure que moi \u00bb :<br \/>\nMercotte \u00e9voque l\u2019avenir du Meilleur P\u00e2tissier<\/p>\n<p>Mercotte a r\u00e9cemment confi\u00e9 qu\u2019il \u00e9tait temps pour elle<br \/>\n<strong>de laisser la place aux plus jeunes.<\/strong> Parmi celles<br \/>\nqui pourraient reprendre le flambeau, No\u00e9mie Honiat ne cache pas<br \/>\nson enthousiasme. D\u00e9j\u00e0 pr\u00e9sente en deuxi\u00e8me partie de soir\u00e9e, elle<br \/>\nr\u00eave d\u2019int\u00e9grer pleinement l\u2019\u00e9mission : \u00ab C\u2019est un<br \/>\nprogramme que je trouve tr\u00e8s bienveillant, j\u2019aime parce que j\u2019adore<br \/>\nles \u00e9quipes, j\u2019aime faire des g\u00e2teaux, apprendre de nouvelles<br \/>\ntechniques et le casting est assez incroyable. On passe de bons<br \/>\nmoments. \u00bb. Et Mercotte ne dit pas non. Bien au contraire.<br \/>\n\u00ab No\u00e9mie, elle est parfaite. Elle est bien meilleure que moi,<br \/>\n<strong>c\u2019est une vraie p\u00e2tissi\u00e8re<br \/>\n\u00bb<\/strong><strong>,<\/strong> confie-t-elle avec humilit\u00e9.<\/p>\n<p>De son c\u00f4t\u00e9, Cyril Lignac avoue qu\u2019il a <strong>du mal \u00e0<br \/>\nimaginer l\u2019\u00e9mission sans elle.<\/strong> Leur duo, devenu culte, a<br \/>\nmarqu\u00e9 toute une g\u00e9n\u00e9ration de t\u00e9l\u00e9spectateurs. Demain soir, entre<br \/>\nd\u00e9fis cors\u00e9s, souvenirs intimes et rires, Le Meilleur p\u00e2tissier :<br \/>\nqui sera plus fort que le grimoire de Mercotte ? promet beaucoup<br \/>\nd\u2019\u00e9motions.<\/p>\n<p><script async src=\"https:\/\/platform.twitter.com\/widgets.js\" charset=\"utf-8\"><\/script><\/p>\n","protected":false},"excerpt":{"rendered":"Apr\u00e8s plus de dix ans pass\u00e9s \u00e0 faire trembler les candidats avec ses mythiques \u00e9preuves techniques, Mercotte a&hellip;\n","protected":false},"author":2,"featured_media":606939,"comment_status":"","ping_status":"","sticky":false,"template":"","format":"standard","meta":{"footnotes":""},"categories":[1359],"tags":[58,59,1011,27,38532,973,65861],"class_list":{"0":"post-606938","1":"post","2":"type-post","3":"status-publish","4":"format-standard","5":"has-post-thumbnail","7":"category-people","8":"tag-divertissement","9":"tag-entertainment","10":"tag-fr","11":"tag-france","12":"tag-le-meilleur-patissier","13":"tag-people","14":"tag-trend"},"share_on_mastodon":{"url":"https:\/\/pubeurope.com\/@fr\/115739292191315806","error":""},"_links":{"self":[{"href":"https:\/\/www.europesays.com\/fr\/wp-json\/wp\/v2\/posts\/606938","targetHints":{"allow":["GET"]}}],"collection":[{"href":"https:\/\/www.europesays.com\/fr\/wp-json\/wp\/v2\/posts"}],"about":[{"href":"https:\/\/www.europesays.com\/fr\/wp-json\/wp\/v2\/types\/post"}],"author":[{"embeddable":true,"href":"https:\/\/www.europesays.com\/fr\/wp-json\/wp\/v2\/users\/2"}],"replies":[{"embeddable":true,"href":"https:\/\/www.europesays.com\/fr\/wp-json\/wp\/v2\/comments?post=606938"}],"version-history":[{"count":0,"href":"https:\/\/www.europesays.com\/fr\/wp-json\/wp\/v2\/posts\/606938\/revisions"}],"wp:featuredmedia":[{"embeddable":true,"href":"https:\/\/www.europesays.com\/fr\/wp-json\/wp\/v2\/media\/606939"}],"wp:attachment":[{"href":"https:\/\/www.europesays.com\/fr\/wp-json\/wp\/v2\/media?parent=606938"}],"wp:term":[{"taxonomy":"category","embeddable":true,"href":"https:\/\/www.europesays.com\/fr\/wp-json\/wp\/v2\/categories?post=606938"},{"taxonomy":"post_tag","embeddable":true,"href":"https:\/\/www.europesays.com\/fr\/wp-json\/wp\/v2\/tags?post=606938"}],"curies":[{"name":"wp","href":"https:\/\/api.w.org\/{rel}","templated":true}]}}