{"id":606940,"date":"2025-12-18T07:03:11","date_gmt":"2025-12-18T07:03:11","guid":{"rendered":"https:\/\/www.europesays.com\/fr\/606940\/"},"modified":"2025-12-18T07:03:11","modified_gmt":"2025-12-18T07:03:11","slug":"casse-du-louvre-la-fenetre-de-la-galerie-dapollon-par-laquelle-se-sont-introduits-les-voleurs-sera-a-nouveau-protegee-avant-noel","status":"publish","type":"post","link":"https:\/\/www.europesays.com\/fr\/606940\/","title":{"rendered":"Casse du Louvre\u00a0: la fen\u00eatre de la galerie d\u2019Apollon, par laquelle se sont introduits les voleurs, sera \u00e0 nouveau prot\u00e9g\u00e9e \u00ab\u00a0avant No\u00ebl\u00a0\u00bb"},"content":{"rendered":"<p class=\"paragraph text_align_left lp-f-body-02\">La grille de protection de la fen\u00eatre de la galerie d\u2019Apollon, retir\u00e9e en 2003 sera repos\u00e9e. L\u2019<a href=\"https:\/\/www.leparisien.fr\/faits-divers\/casse-du-siecle-au-louvre-les-conclusions-de-lenquete-seront-rendues-mercredi-08-12-2025-5KYLD6CKNNCBXCNW7WDHER5AYM.php\" target=\"_self\" rel=\"noopener\">enqu\u00eate administrative<\/a> sur la s\u00e9curit\u00e9 du<a href=\"https:\/\/www.leparisien.fr\/paris-75\/au-louvre-une-nouvelle-assemblee-generale-des-salaries-pour-decider-de-la-reouverture-du-musee-ce-mercredi-17-12-2025-AN7R52LM5NEFVNTJ6IGPQZJVUA.php\" target=\"_self\" rel=\"noopener\"> mus\u00e9e du Louvre<\/a>, a point\u00e9 du doigt l<a href=\"https:\/\/www.leparisien.fr\/paris-75\/musee-du-louvre-potelets-barrieres-la-securite-renforcee-sous-la-fenetre-du-casse-12-12-2025-76N3TUGPSREEDB2L4AQWNSEP4U.php\" target=\"_self\" rel=\"noopener\">\u2019absence de grille sur la fen\u00eatre ext\u00e9rieure<\/a> donnant directement sur la rue. Cette situation a facilit\u00e9 l\u2019acc\u00e8s \u00e0 l\u2019int\u00e9rieur du mus\u00e9e des voleurs qui ont d\u00e9rob\u00e9 les bijoux de la couronne le 19 octobre dernier, selon l\u2019enqu\u00eate.<\/p>\n<p class=\"\">\u00ab Je vous annonce que la fameuse grille sera repos\u00e9e dans quelques jours, ce sera fait avant No\u00ebl \u00bb, a assur\u00e9 ce mercredi, la pr\u00e9sidente-directrice du mus\u00e9e qui \u00e9tait auditionn\u00e9e une deuxi\u00e8me fois au S\u00e9nat. <a href=\"https:\/\/www.leparisien.fr\/culture-loisirs\/pour-moi-la-galerie-dapollon-etait-un-dossier-clos-apres-le-casse-la-patronne-du-louvre-prete-a-tenir-le-cap-01-12-2025-HKFW24WFQZGURMF7RJXN3S53YE.php\" target=\"_self\" rel=\"noopener\">Laurence des Cars<\/a> a \u00e9galement dit qu\u2019apr\u00e8s consultation de \u00ab tous les dossiers qui concernent les chantiers qui ont eu lieu depuis une vingtaine d\u2019ann\u00e9es \u00bb, il avait \u00e9t\u00e9 constat\u00e9 que la grille de protection avait \u00e9t\u00e9 retir\u00e9e en 2003-2004. Durant cette p\u00e9riode, la galerie d\u2019Apollon a connu d\u2019importants travaux de restauration.<\/p>\n<p>\u00ab Le dossier \u00e9tait clos \u00bb<\/p>\n<p class=\"\">Lorsqu\u2019elle prend la t\u00eate du mus\u00e9e parisien en 2021, les vitrines de protection des bijoux de la couronne, avaient \u00e9t\u00e9 chang\u00e9es deux ans auparavant. \u00ab Je pense que le dossier \u00e9tait clos, c\u2019est-\u00e0-dire, qu\u2019il y avait un certain nombre de travaux, changement de vitrines, etc., qui avait \u00e9t\u00e9 faits. \u00bb, a-t-elle affirm\u00e9 devant les s\u00e9nateurs. Elle a expliqu\u00e9 que le directeur de d\u00e9partement des objets d\u2019arts, qui avait particip\u00e9 \u00e0 cette r\u00e9novation, lui avait dit \u00e0 l\u2019automne 2021, que \u00ab la galerie d\u2019Apollon \u00e9tait s\u00e9curis\u00e9e avec les nouvelles vitrines \u00bb.<\/p>\n<p class=\"\">En 2018, un audit conduit par le joaillier Van Cleef &amp; Arpels avait alert\u00e9 sur la possibilit\u00e9 d\u2019un vol dans la galerie d\u2019Apollon \u00e0 l\u2019aide d\u2019un monte-charge. Laurence de Cars a indiqu\u00e9 devant les s\u00e9nateurs qu\u2019elle n\u2019en n\u2019avait pas connaissance au moment de sa prise de fonction. La pr\u00e9sidente-directrice n\u2019a eu acc\u00e8s au rapport qu\u2019apr\u00e8s le casse du Louvre et sa premi\u00e8re audition au S\u00e9nat le 23 octobre. Lorsque \u00ab je le lis, je suis comme vous extr\u00eamement troubl\u00e9e \u00bb a-t-elle rapport\u00e9 au palais du Luxembourg ce mercredi.<\/p>\n<p class=\"\">Laurence des Cars a par ailleurs reconnu \u00ab une d\u00e9sorganisation \u00bb au sein du mus\u00e9e, et point\u00e9 du doigt l\u2019absence de \u00ab proc\u00e9dure normalis\u00e9e de passation de pouvoir \u00bb avec <a href=\"https:\/\/www.leparisien.fr\/faits-divers\/ca-a-lair-tellement-complique-ce-que-vous-exprimez-lancien-president-directeur-du-louvre-bouscule-par-les-senateurs-16-12-2025-T7KPMKH36FEMZI7BKOKOKOBBDE.php\" target=\"_self\" rel=\"noopener\">son pr\u00e9d\u00e9cesseur<\/a>.<\/p>\n","protected":false},"excerpt":{"rendered":"La grille de protection de la fen\u00eatre de la galerie d\u2019Apollon, retir\u00e9e en 2003 sera repos\u00e9e. L\u2019enqu\u00eate administrative&hellip;\n","protected":false},"author":2,"featured_media":606941,"comment_status":"","ping_status":"","sticky":false,"template":"","format":"standard","meta":{"footnotes":""},"categories":[1358],"tags":[1348,1384,1385,1386,58,59,118,1011,27,1944,626],"class_list":{"0":"post-606940","1":"post","2":"type-post","3":"status-publish","4":"format-standard","5":"has-post-thumbnail","7":"category-arts-et-design","8":"tag-arts","9":"tag-arts-and-design","10":"tag-arts-et-design","11":"tag-design","12":"tag-divertissement","13":"tag-entertainment","14":"tag-faits-divers","15":"tag-fr","16":"tag-france","17":"tag-ma-ville","18":"tag-paris"},"share_on_mastodon":{"url":"https:\/\/pubeurope.com\/@fr\/115739295934991201","error":""},"_links":{"self":[{"href":"https:\/\/www.europesays.com\/fr\/wp-json\/wp\/v2\/posts\/606940","targetHints":{"allow":["GET"]}}],"collection":[{"href":"https:\/\/www.europesays.com\/fr\/wp-json\/wp\/v2\/posts"}],"about":[{"href":"https:\/\/www.europesays.com\/fr\/wp-json\/wp\/v2\/types\/post"}],"author":[{"embeddable":true,"href":"https:\/\/www.europesays.com\/fr\/wp-json\/wp\/v2\/users\/2"}],"replies":[{"embeddable":true,"href":"https:\/\/www.europesays.com\/fr\/wp-json\/wp\/v2\/comments?post=606940"}],"version-history":[{"count":0,"href":"https:\/\/www.europesays.com\/fr\/wp-json\/wp\/v2\/posts\/606940\/revisions"}],"wp:featuredmedia":[{"embeddable":true,"href":"https:\/\/www.europesays.com\/fr\/wp-json\/wp\/v2\/media\/606941"}],"wp:attachment":[{"href":"https:\/\/www.europesays.com\/fr\/wp-json\/wp\/v2\/media?parent=606940"}],"wp:term":[{"taxonomy":"category","embeddable":true,"href":"https:\/\/www.europesays.com\/fr\/wp-json\/wp\/v2\/categories?post=606940"},{"taxonomy":"post_tag","embeddable":true,"href":"https:\/\/www.europesays.com\/fr\/wp-json\/wp\/v2\/tags?post=606940"}],"curies":[{"name":"wp","href":"https:\/\/api.w.org\/{rel}","templated":true}]}}