{"id":606946,"date":"2025-12-18T07:07:10","date_gmt":"2025-12-18T07:07:10","guid":{"rendered":"https:\/\/www.europesays.com\/fr\/606946\/"},"modified":"2025-12-18T07:07:10","modified_gmt":"2025-12-18T07:07:10","slug":"peu-de-spectateurs-savent-que-montpellier-est-liee-a-ce-blockbuster-mondial","status":"publish","type":"post","link":"https:\/\/www.europesays.com\/fr\/606946\/","title":{"rendered":"peu de spectateurs savent que Montpellier est li\u00e9e \u00e0 ce blockbuster mondial"},"content":{"rendered":"<p>                    Par<br \/>\n        <strong><br \/>\n            <a href=\"https:\/\/actu.fr\/auteur\/metropoop\" title=\"Consulter tous les articles de R\u00e9daction M\u00e9tropolitain\" target=\"_blank\" rel=\"noopener\">R\u00e9daction M\u00e9tropolitain<\/a><br \/>\n                    <\/strong><\/p>\n<p>        Publi\u00e9 le<\/p>\n<p>            18 d\u00e9c. 2025 \u00e0 5h16        <\/p>\n<p>Avec Avatar 3, James Cameron repousse encore les fronti\u00e8res de Pandora. Dans l\u2019ombre des images, deux anciens d\u2019Objectif 3D participent \u00e0 l\u2019aventure chez W\u0113t\u0101 FX.<\/p>\n<p class=\" wall-content\">Avatar 3, sous-titr\u00e9 De Feu et de Cendres, marque le retour de James Cameron sur Pandora. Ce troisi\u00e8me volet prolonge l\u2019\u00e9pop\u00e9e de Jake Sully et de Neytiri, d\u00e9sormais confront\u00e9s \u00e0 des menaces in\u00e9dites. Apr\u00e8s les oc\u00e9ans explor\u00e9s dans La Voie de l\u2019eau, le r\u00e9cit plonge cette fois dans des territoires volcaniques. Le film introduit le clan des cendres, aussi appel\u00e9 peuple du feu, une civilisation Na\u2019vi radicalement diff\u00e9rente. Ce nouveau chapitre approfondit les th\u00e8mes centraux de la saga. La famille, la survie et le lien \u00e0 la nature restent au c\u0153ur du r\u00e9cit. Les enjeux montent d\u2019un cran pour les Sully, alors que le conflit avec les humains gagne en intensit\u00e9. James Cameron promet une Pandora plus sombre, plus hostile, mais toujours spectaculaire.<\/p>\n<p class=\" wall-content\">Comme pour les pr\u00e9c\u00e9dents volets, James Cameron s\u2019appuie sur W\u0113t\u0101 FX. Le studio n\u00e9o-z\u00e9landais, bas\u00e9 \u00e0 Wellington, reste une r\u00e9f\u00e9rence mondiale des effets visuels. Avatar 3 mobilise des centaines d\u2019artistes issus de tous les continents. Parmi eux, <strong>deux anciens \u00e9tudiants d\u2019Objectif 3D<\/strong>, \u00e9cole montpelli\u00e9raine sp\u00e9cialis\u00e9e dans les formations aux m\u00e9tiers du jeu vid\u00e9o et de l\u2019animation 3D.<\/p>\n<p>    <a href=\"https:\/\/www.google.com\/maps\/embed?pb=!1m18!1m12!1m3!1d46228.18074740905!2d3.8338559999999995!3d43.6011008!2m3!1f0!2f0!3f0!3m2!1i1024!2i768!4f13.1!3m3!1m2!1s0x12b6a92af49b31c3%3A0x17a57eba730bff9f!2sObjectif%203D%20Montpellier%20-%20%C3%89cole%20de%20Cin%C3%A9ma%20d%27Animation%203d%20et%20Jeux%20vid%C3%A9o!5e0!3m2!1sfr!2sfr!4v1765983120064!5m2!1sfr!2sfr\" title=\"Ouvrie le lien\" target=\"_blank\" rel=\"noopener\">Cliquez ici pour visualiser le contenu<\/a><\/p>\n<p>Alexis Claux, du FX \u00e0 la t\u00eate des productions<\/p>\n<p class=\" wall-content\">Alexis Claux \u00e9volue <strong>depuis plus de dix ans<\/strong> dans les coulisses des plus grands blockbusters. Sp\u00e9cialiste des effets visuels, il occupe aujourd\u2019hui le poste de Lead FX TD chez W\u0113t\u0101 FX \u00e0 Wellington. Il a pris ce r\u00f4le en novembre 2022 apr\u00e8s un parcours interne exemplaire. Arriv\u00e9 au studio en 2017 comme FX Artist, il devient Senior FX Artist en 2021. Cette progression refl\u00e8te une expertise technique reconnue et une capacit\u00e9 \u00e0 encadrer des \u00e9quipes sur des productions complexes. Chez W\u0113t\u0101 FX, il travaille sur Captain America : Brave New World et Transformers : Rise of the Beasts.<\/p>\n<p class=\" wall-content\">Son nom figure d\u00e9j\u00e0 au g\u00e9n\u00e9rique de films majeurs. Il contribue \u00e0 Avatar : La Voie de l\u2019eau, Avengers : Infinity War et Endgame, Game of Thrones saison 8, Godzilla vs. Kong, The Eternals ou encore Jungle Cruise. Sa carri\u00e8re couvre aussi les s\u00e9ries Marvel, comme Hawkeye, et des projets anim\u00e9s pour Overwatch. Avant la Nouvelle-Z\u00e9lande, Alexis Claux enrichit son exp\u00e9rience \u00e0 Montr\u00e9al chez MPC et Framestore. Il participe alors \u00e0 The Martian, X-Men : Apocalypse, Alien : Covenant, Jumanji : Welcome to the Jungle et Paddington 2. Form\u00e9 \u00e0 Objectif 3D entre la France et le Cambodge de 2011 \u00e0 2013, il incarne un parcours international construit sur la rigueur et la passion.<\/p>\n<p>Vid\u00e9os : en ce moment sur ActuQuentin Renet, la lumi\u00e8re au service de l\u2019\u00e9motion<\/p>\n<p class=\" wall-content\">Quentin Renet suit une trajectoire tout aussi impressionnante. Sp\u00e9cialis\u00e9 en lighting et compositing, il cumule quinze ann\u00e9es d\u2019exp\u00e9rience dans l\u2019animation et les effets visuels. Son parcours le m\u00e8ne de Paris \u00e0 Montr\u00e9al, puis jusqu\u2019aux plateaux de Nouvelle-Z\u00e9lande. Entre 2022 et 2024, il rejoint W\u0113t\u0101 FX comme Senior Lighting TD. Il participe alors \u00e0 Avatar 3 : Fire and Ash, mais aussi \u00e0 Avatar : The Way of Water, Godzilla x Kong : The New Empire, Guardians of the Galaxy Vol. 3, Transformers : Rise of the Beasts et Better Man. Cette p\u00e9riode marque un sommet dans sa carri\u00e8re.<\/p>\n<p>Votre r\u00e9gion, votre actu !<\/p>\n<p>Recevez chaque jour les infos qui comptent pour vous.<\/p>\n<p>\t<a href=\"https:\/\/actu.fr\/newsletter\" class=\"ac-btn ac-btn--corner ac-btn--medium ac-btn--blue800\" target=\"_blank\" rel=\"noopener\">S&rsquo;incrire<\/a><\/p>\n<p class=\" wall-content\">Avant cela, Quentin Renet exerce des fonctions de leadership chez Mikros Animation \u00e0 Montr\u00e9al. De 2019 \u00e0 2022, il passe de Senior Lighting Artist \u00e0 Lead Lighting. Il supervise l\u2019\u00e9clairage de longs m\u00e9trages d\u2019animation comme PAW Patrol : The Movie, The SpongeBob Movie : Sponge on the Run et The Tiger\u2019s Apprentice. Son parcours fran\u00e7ais reste dense. Il travaille chez Ubisoft Motion Pictures sur Les Lapins Cr\u00e9tins, chez Mikros Animation sur Ast\u00e9rix et le Secret de la Potion Magique et Sherlock Gnomes. Il collabore aussi avec Jungler, Mathematic Studio et Planktoon pour des films et des campagnes publicitaires, dont Taxi 5, Carambar ou Babybel. Il participe enfin au court-m\u00e9trage ind\u00e9pendant Gloria Victis, tourn\u00e9 au mus\u00e9e du Louvre. Form\u00e9 \u00e0 Objectif 3D \u00e0 Montpellier en 2010, il devient aujourd\u2019hui Lighting et Compositing Supervisor chez UNIT IMAGE \u00e0 Paris.<\/p>\n<p class=\" wall-content\">Personnalisez votre actualit\u00e9 en ajoutant vos villes et m\u00e9dias en favori avec <a href=\"https:\/\/moncompte.actu.fr\" title=\"D\u00e9couvez Mon Actu\" rel=\"nofollow noopener\" data-trk=\"{&quot;cta&quot;:{&quot;action&quot;:&quot;https:\\\/\\\/moncompte.actu.fr&quot;,&quot;category&quot;:&quot;mon compte&quot;,&quot;from&quot;:&quot;article footer&quot;,&quot;name&quot;:&quot;Mon actu&quot;,&quot;type&quot;:&quot;cta&quot;}}\" target=\"_blank\">Mon Actu<\/a>.<\/p>\n","protected":false},"excerpt":{"rendered":"Par R\u00e9daction M\u00e9tropolitain Publi\u00e9 le 18 d\u00e9c. 2025 \u00e0 5h16 Avec Avatar 3, James Cameron repousse encore les&hellip;\n","protected":false},"author":2,"featured_media":606947,"comment_status":"","ping_status":"","sticky":false,"template":"","format":"standard","meta":{"footnotes":""},"categories":[1354],"tags":[650,58,59,1346,1011,27,1652,1360],"class_list":{"0":"post-606946","1":"post","2":"type-post","3":"status-publish","4":"format-standard","5":"has-post-thumbnail","7":"category-films","8":"tag-cinema","9":"tag-divertissement","10":"tag-entertainment","11":"tag-films","12":"tag-fr","13":"tag-france","14":"tag-loisirs-culture","15":"tag-movies"},"share_on_mastodon":{"url":"https:\/\/pubeurope.com\/@fr\/115739311774354926","error":""},"_links":{"self":[{"href":"https:\/\/www.europesays.com\/fr\/wp-json\/wp\/v2\/posts\/606946","targetHints":{"allow":["GET"]}}],"collection":[{"href":"https:\/\/www.europesays.com\/fr\/wp-json\/wp\/v2\/posts"}],"about":[{"href":"https:\/\/www.europesays.com\/fr\/wp-json\/wp\/v2\/types\/post"}],"author":[{"embeddable":true,"href":"https:\/\/www.europesays.com\/fr\/wp-json\/wp\/v2\/users\/2"}],"replies":[{"embeddable":true,"href":"https:\/\/www.europesays.com\/fr\/wp-json\/wp\/v2\/comments?post=606946"}],"version-history":[{"count":0,"href":"https:\/\/www.europesays.com\/fr\/wp-json\/wp\/v2\/posts\/606946\/revisions"}],"wp:featuredmedia":[{"embeddable":true,"href":"https:\/\/www.europesays.com\/fr\/wp-json\/wp\/v2\/media\/606947"}],"wp:attachment":[{"href":"https:\/\/www.europesays.com\/fr\/wp-json\/wp\/v2\/media?parent=606946"}],"wp:term":[{"taxonomy":"category","embeddable":true,"href":"https:\/\/www.europesays.com\/fr\/wp-json\/wp\/v2\/categories?post=606946"},{"taxonomy":"post_tag","embeddable":true,"href":"https:\/\/www.europesays.com\/fr\/wp-json\/wp\/v2\/tags?post=606946"}],"curies":[{"name":"wp","href":"https:\/\/api.w.org\/{rel}","templated":true}]}}