{"id":606950,"date":"2025-12-18T07:09:12","date_gmt":"2025-12-18T07:09:12","guid":{"rendered":"https:\/\/www.europesays.com\/fr\/606950\/"},"modified":"2025-12-18T07:09:12","modified_gmt":"2025-12-18T07:09:12","slug":"kylian-mbappe-sauve-encore-le-real-madrid-et-vise-le-record-de-cristiano-ronaldo","status":"publish","type":"post","link":"https:\/\/www.europesays.com\/fr\/606950\/","title":{"rendered":"Kylian Mbapp\u00e9 sauve encore le Real Madrid et vise le record de Cristiano Ronaldo"},"content":{"rendered":"<p>OK, donc m\u00eame pour un 16e de finale de la <a href=\"https:\/\/www.20minutes.fr\/dossier\/coupe_du_roi\" class=\"c-link c-link--is-underlined\" target=\"_blank\" rel=\"noopener\">Coupe du Roi<\/a> sur la pelouse du modeste club de Talavera (3e division), le <a href=\"https:\/\/www.20minutes.fr\/sport\/real_madrid\/\" class=\"c-link c-link--is-underlined\" target=\"_blank\" rel=\"noopener\">Real Madrid<\/a> a besoin de <a href=\"https:\/\/www.20minutes.fr\/sport\/kylian-mbappe\/\" class=\"c-link c-link--is-underlined\" target=\"_blank\" rel=\"noopener\">Kylian Mbapp\u00e9<\/a> pendant 90 minutes pour s\u2019en sortir. La <a href=\"https:\/\/www.20minutes.fr\/sport\/football\/4189587-20251204-mbappe-claque-double-fou-bilbao-kyks-dependance-installe-real-madrid\" class=\"c-link c-link--is-underlined\" target=\"_blank\" rel=\"noopener\">\u00ab\u00a0Kyk\u2019s\u00a0\u00bb d\u00e9pendance<\/a> est d\u00e9cid\u00e9ment totale du c\u00f4t\u00e9 de <a href=\"https:\/\/www.20minutes.fr\/dossier\/xabi_alonso\" class=\"c-link c-link--is-underlined\" target=\"_blank\" rel=\"noopener\">Xabi Alonso<\/a>, puisqu\u2019il a fallu mercredi un \u00e9ni\u00e8me doubl\u00e9 du capitaine des Bleus (41e et 88e) pour poursuivre l\u2019aventure, avec au final un succ\u00e8s poussif (2-3). On n\u2019oubliera pas non plus la parade d\u00e9cisive d\u2019Andriy Lunin, sur une ultime t\u00eate dans le temps additionnel, pour emp\u00eacher la folle \u00e9galisation de Talavera.<\/p>\n<\/p>\n<p>Align\u00e9 devant aux c\u00f4t\u00e9s du probable futur Lyonnais Endrick et de Gonzalo Garcia, Mbapp\u00e9 \u00e9tait l\u2019un des trois titulaires habituels (avec Arda G\u00fcler et Alvaro Carreras) \u00e0 d\u00e9buter ce rendez-vous a priori sans danger de Coupe d\u2019Espagne. Et sa pr\u00e9sence n\u2019a pas \u00e9t\u00e9 de trop pour \u00e9viter un affront XXL au Real, qui a encore montr\u00e9 sa capacit\u00e9 \u00e0 se mettre le feu <a href=\"https:\/\/x.com\/DAZN_FR\/status\/2001408439143014751\" target=\"_blank\" class=\"c-link c-link--is-underlined\">en conc\u00e9dant deux buts<\/a> dans les dix derni\u00e8res minutes de la rencontre.<\/p>\n<p>Le Real-S\u00e9ville FC dans le viseur du \u00ab\u00a0Kyk\u2019s\u00a0\u00bb<\/p>\n<p>Heureusement pour le club merengue, Kylian Mbapp\u00e9 a dans le m\u00eame temps profit\u00e9 d\u2019une grossi\u00e8re faute de main du gardien de Talavera Jaime Gonzalez pour offrir un peu de marge aux siens (1-3, 88e). Clairement pas la plus belle r\u00e9alisation de cette premi\u00e8re partie de saison ultra-prolifique pour l\u2019ancien Parisien (28 buts en 23 matchs avec le Real\u00a0!), mais elle pourrait avoir son importance pour notre glouton de stats.<\/p>\n<p class=\"mb-m@xs text-l@xs\">En cliquant sur\u00ab J\u2019accepte \u00bb, vous acceptez le d\u00e9p\u00f4t de cookies par des services externes et aurez ainsi acc\u00e8s aux contenus de nos partenaires.<\/p>\n<p class=\"mb-xl@xs text-s@xs\">Plus d\u2019informations sur la page<a href=\"https:\/\/www.20minutes.fr\/gestion-cookies\" class=\"mx-xxs@xs color-ultramarine\" target=\"_blank\" rel=\"noopener\">Politique de gestion des cookies<\/a><\/p>\n<p>J\u2019accepte<\/p>\n<p>L\u2019attaquant tricolore, qui f\u00eatera ses 27 ans samedi, ne se trouve d\u00e9sormais plus qu\u2019\u00e0 un but du record historique pour un joueur du Real Madrid sur une ann\u00e9e civile, d\u00e9tenu par un certain <a href=\"https:\/\/www.20minutes.fr\/sport\/cristiano_ronaldo\/\" class=\"c-link c-link--is-underlined\" target=\"_blank\" rel=\"noopener\">Cristiano Ronaldo<\/a>. Idole d\u2019enfance de Kylian Mbapp\u00e9, \u00ab\u00a0CR7\u00a0\u00bb avait claqu\u00e9 59 buts sur l\u2019ann\u00e9e\u00a02013, contre donc 58 jusque-l\u00e0 en\u00a02025 pour le joueur form\u00e9 \u00e0 l\u2019<a href=\"https:\/\/www.20minutes.fr\/sport\/as_monaco\/\" class=\"c-link c-link--is-underlined\" target=\"_blank\" rel=\"noopener\">AS Monaco<\/a>.<\/p>\n<p><a href=\"https:\/\/www.20minutes.fr\/sport\/kylian-mbappe\/\" class=\"c-link c-btn c-btn--primary\" target=\"_blank\" rel=\"noopener\">Notre dossier sur Kylian Mbapp\u00e9<\/a><\/p>\n<p>De quoi rendre encore plus all\u00e9chant le prochain match de <a href=\"https:\/\/www.20minutes.fr\/sport\/liga\/\" class=\"c-link c-link--is-underlined\" target=\"_blank\" rel=\"noopener\">Liga<\/a> contre le S\u00e9ville FC, samedi (20h15), ultime rencontre de l\u2019ann\u00e9e pour le Real. Le moment id\u00e9al pour ressortir la carte \u00ab\u00a0vous \u00eates pas contents\u00a0? Tripl\u00e9\u00a0\u00bb, non\u00a0?<\/p>\n","protected":false},"excerpt":{"rendered":"OK, donc m\u00eame pour un 16e de finale de la Coupe du Roi sur la pelouse du modeste&hellip;\n","protected":false},"author":2,"featured_media":606951,"comment_status":"","ping_status":"","sticky":false,"template":"","format":"standard","meta":{"footnotes":""},"categories":[9],"tags":[15006,13282,123,63,1011,27,6477,4790,517,60,12380],"class_list":{"0":"post-606950","1":"post","2":"type-post","3":"status-publish","4":"format-standard","5":"has-post-thumbnail","7":"category-sports","8":"tag-coupe-du-roi","9":"tag-cristiano-ronaldo","10":"tag-espagne","11":"tag-football","12":"tag-fr","13":"tag-france","14":"tag-kylian-mbappe","15":"tag-real-madrid","16":"tag-sport","17":"tag-sports","18":"tag-xabi-alonso"},"share_on_mastodon":{"url":"https:\/\/pubeurope.com\/@fr\/115739319630105732","error":""},"_links":{"self":[{"href":"https:\/\/www.europesays.com\/fr\/wp-json\/wp\/v2\/posts\/606950","targetHints":{"allow":["GET"]}}],"collection":[{"href":"https:\/\/www.europesays.com\/fr\/wp-json\/wp\/v2\/posts"}],"about":[{"href":"https:\/\/www.europesays.com\/fr\/wp-json\/wp\/v2\/types\/post"}],"author":[{"embeddable":true,"href":"https:\/\/www.europesays.com\/fr\/wp-json\/wp\/v2\/users\/2"}],"replies":[{"embeddable":true,"href":"https:\/\/www.europesays.com\/fr\/wp-json\/wp\/v2\/comments?post=606950"}],"version-history":[{"count":0,"href":"https:\/\/www.europesays.com\/fr\/wp-json\/wp\/v2\/posts\/606950\/revisions"}],"wp:featuredmedia":[{"embeddable":true,"href":"https:\/\/www.europesays.com\/fr\/wp-json\/wp\/v2\/media\/606951"}],"wp:attachment":[{"href":"https:\/\/www.europesays.com\/fr\/wp-json\/wp\/v2\/media?parent=606950"}],"wp:term":[{"taxonomy":"category","embeddable":true,"href":"https:\/\/www.europesays.com\/fr\/wp-json\/wp\/v2\/categories?post=606950"},{"taxonomy":"post_tag","embeddable":true,"href":"https:\/\/www.europesays.com\/fr\/wp-json\/wp\/v2\/tags?post=606950"}],"curies":[{"name":"wp","href":"https:\/\/api.w.org\/{rel}","templated":true}]}}