{"id":606954,"date":"2025-12-18T07:11:12","date_gmt":"2025-12-18T07:11:12","guid":{"rendered":"https:\/\/www.europesays.com\/fr\/606954\/"},"modified":"2025-12-18T07:11:12","modified_gmt":"2025-12-18T07:11:12","slug":"ce-que-mango-home-a-prevu-pour-noel-2025","status":"publish","type":"post","link":"https:\/\/www.europesays.com\/fr\/606954\/","title":{"rendered":"Ce que Mango Home a pr\u00e9vu pour No\u00ebl 2025"},"content":{"rendered":"<p>Textures douces, teintes profondes et pi\u00e8ces bien choisies\u2026<br \/>\n<a href=\"https:\/\/www.lejournaldelamaison.fr\/le-journal-de-la-maison\/nouveautes\/nouvelle-collection-mango-home-bijou-voici-pieces-reve-deja-avoir-chez-soi-521712.html\" target=\"_blank\" rel=\"noopener\"><br \/>\nMango Home<\/a> d\u00e9voile une collection de No\u00ebl pens\u00e9e pour chaque<br \/>\nrecoin de la maison. Voici comment l\u2019adopter sans fausse note.<\/p>\n<p>L\u2019esprit de No\u00ebl version Mango Home<\/p>\n<p>C\u2019est le retour des soir\u00e9es \u00e0 la bougie, des motifs tartan et<br \/>\ndes mati\u00e8res enveloppantes. Avec sa collection <strong>No\u00ebl<br \/>\n2025<\/strong>, Mango Home propose une vision \u00e9l\u00e9gante, sobre et<br \/>\nraffin\u00e9e de la d\u00e9coration festive, entre inspirations naturelles et<br \/>\nd\u00e9tails brillants. Velours, cristal, flocons, bergamote et caramel\u2026<br \/>\nChaque pi\u00e8ce devient une invitation \u00e0 ralentir.<\/p>\n<p>Pi\u00e8ce centrale des retrouvailles de fin d\u2019ann\u00e9e, <strong>la<br \/>\ntable de No\u00ebl<\/strong> devient chez Mango Home un terrain de jeu<br \/>\nsophistiqu\u00e9. On y retrouve une nappe en lin, des <a href=\"https:\/\/www.lejournaldelamaison.fr\/le-journal-de-la-maison\/nouveautes\/tendances\/tendances-deco\/sets-de-table-les-tendances-2026-qui-vont-envahir-toutes-les-tables-stylees-et-nos-modeles-preferes-529879.html#item=1\" target=\"_blank\" rel=\"noopener\"><br \/>\nsets de table<\/a> argent\u00e9s inspir\u00e9s des flocons de neige, et un<br \/>\nvase en m\u00e9tal sculptural comme point d\u2019orgue. Chaque d\u00e9tail compte<br \/>\n: assiettes peintes \u00e0 la main, verres au pied travaill\u00e9 en forme de<br \/>\n<strong>sapin<\/strong>, ou encore couverts au design \u00e9pur\u00e9. Le tout<br \/>\nse d\u00e9cline dans des tons rouge fonc\u00e9, vert bouteille, cr\u00e8me et<br \/>\ndor\u00e9. L\u2019id\u00e9e ? Cr\u00e9er une ambiance \u00e9l\u00e9gante et d\u00e9contract\u00e9e, fid\u00e8le<br \/>\n\u00e0 l\u2019esprit de <strong>Mango<\/strong>.<\/p>\n<p>Un salon chaleureux o\u00f9 poser les valises<\/p>\n<p>Quand les temp\u00e9ratures baissent, le salon devient le c\u0153ur<br \/>\nbattant de la maison. Mango Home y installe une atmosph\u00e8re feutr\u00e9e<br \/>\navec quelques essentiels bien choisis. Sur un<br \/>\n<strong>canap\u00e9<\/strong>, une couverture tricot\u00e9e \u00e0 grosses mailles<br \/>\ncr\u00e9e une bulle de confort instantan\u00e9. Aux coussins, le <a href=\"https:\/\/www.lejournaldelamaison.fr\/maison\/integrez-le-style-ralph-lauren-a-votre-table-de-thanksgiving-tartan-matieres-nobles-et-ambiance-chaleureuse-pour-un-heritage-chic-et-convivial-527350.html\" target=\"_blank\" rel=\"noopener\"><br \/>\n<strong>tartan<\/strong><\/a> s\u2019invite dans un ton rouge profond,<br \/>\n\u00e9l\u00e9gant clin d\u2019\u0153il aux classiques \u00e9cossais.<\/p>\n<p>La lumi\u00e8re se fait douce, tamis\u00e9e par des bougies aux parfums de<br \/>\nnoisette ou de pamplemousse, pos\u00e9es sur un plateau en bois brut ou<br \/>\nun petit gu\u00e9ridon. Ajoutez quelques \u00e9l\u00e9ments en laiton vieilli ou<br \/>\nen verre d\u00e9poli, et le tour est jou\u00e9 !<\/p>\n<blockquote class=\"instagram-media\" style=\"background: #ffffff;border: 0;margin: 1px;width: 100%;padding: 0;max-width: 500px;\" data-instgrm-permalink=\"https:\/\/www.instagram.com\/p\/DSUWHHqCPc0\/?hl=en\" data-instgrm-version=\"14\"\/>\n<p>Des chambres qui prolongent la<br \/>\nmagie<\/p>\n<p>La magie de No\u00ebl ne s\u2019arr\u00eate pas au salon. Dans la<br \/>\n<strong>chambre<\/strong> aussi, Mango Home distille ses id\u00e9es. Une<br \/>\nhousse de couette marron \u00e0 motifs g\u00e9om\u00e9triques, des coussins<br \/>\nchocolat, une couverture beige : l\u2019ensemble compose un cocon chic<br \/>\net apaisant.<\/p>\n<p>Pour la touche finale, une <strong>bougie<\/strong> d\u00e9corative en<br \/>\nforme de branche tr\u00f4ne sur la table de chevet. Froiss\u00e9e, l\u00e9g\u00e8rement<br \/>\niris\u00e9e, elle \u00e9voque les promenades hivernales, tout en diffusant<br \/>\nune lumi\u00e8re chaude et enveloppante.<\/p>\n<p><script async src=\"\/\/www.instagram.com\/embed.js\"><\/script><\/p>\n","protected":false},"excerpt":{"rendered":"Textures douces, teintes profondes et pi\u00e8ces bien choisies\u2026 Mango Home d\u00e9voile une collection de No\u00ebl pens\u00e9e pour chaque&hellip;\n","protected":false},"author":2,"featured_media":606955,"comment_status":"","ping_status":"","sticky":false,"template":"","format":"standard","meta":{"footnotes":""},"categories":[7],"tags":[17,13041,17488,3530,8117,12219,1011,27,1226,3246,151,48905,15799,15830,471,9622,746,18252,43,40,41,39,42,44,4568],"class_list":{"0":"post-606954","1":"post","2":"type-post","3":"status-publish","4":"format-standard","5":"has-post-thumbnail","7":"category-sciences-et-technologies","8":"tag-17","9":"tag-a","10":"tag-ce","11":"tag-chez","12":"tag-deco","13":"tag-et","14":"tag-fr","15":"tag-france","16":"tag-home","17":"tag-idees","18":"tag-les","19":"tag-mango","20":"tag-meilleures","21":"tag-noel","22":"tag-pour","23":"tag-prevu","24":"tag-que","25":"tag-retenir","26":"tag-science","27":"tag-science-and-technology","28":"tag-sciences","29":"tag-sciences-et-technologies","30":"tag-technologies","31":"tag-technology","32":"tag-vous"},"share_on_mastodon":{"url":"https:\/\/pubeurope.com\/@fr\/115739327536761631","error":""},"_links":{"self":[{"href":"https:\/\/www.europesays.com\/fr\/wp-json\/wp\/v2\/posts\/606954","targetHints":{"allow":["GET"]}}],"collection":[{"href":"https:\/\/www.europesays.com\/fr\/wp-json\/wp\/v2\/posts"}],"about":[{"href":"https:\/\/www.europesays.com\/fr\/wp-json\/wp\/v2\/types\/post"}],"author":[{"embeddable":true,"href":"https:\/\/www.europesays.com\/fr\/wp-json\/wp\/v2\/users\/2"}],"replies":[{"embeddable":true,"href":"https:\/\/www.europesays.com\/fr\/wp-json\/wp\/v2\/comments?post=606954"}],"version-history":[{"count":0,"href":"https:\/\/www.europesays.com\/fr\/wp-json\/wp\/v2\/posts\/606954\/revisions"}],"wp:featuredmedia":[{"embeddable":true,"href":"https:\/\/www.europesays.com\/fr\/wp-json\/wp\/v2\/media\/606955"}],"wp:attachment":[{"href":"https:\/\/www.europesays.com\/fr\/wp-json\/wp\/v2\/media?parent=606954"}],"wp:term":[{"taxonomy":"category","embeddable":true,"href":"https:\/\/www.europesays.com\/fr\/wp-json\/wp\/v2\/categories?post=606954"},{"taxonomy":"post_tag","embeddable":true,"href":"https:\/\/www.europesays.com\/fr\/wp-json\/wp\/v2\/tags?post=606954"}],"curies":[{"name":"wp","href":"https:\/\/api.w.org\/{rel}","templated":true}]}}