{"id":606967,"date":"2025-12-18T07:18:12","date_gmt":"2025-12-18T07:18:12","guid":{"rendered":"https:\/\/www.europesays.com\/fr\/606967\/"},"modified":"2025-12-18T07:18:12","modified_gmt":"2025-12-18T07:18:12","slug":"mines-nancy-sur-le-podium-des-ecoles-dingenieurs-les-plus-engagees-pour-lecologie","status":"publish","type":"post","link":"https:\/\/www.europesays.com\/fr\/606967\/","title":{"rendered":"Mines Nancy sur le podium des \u00e9coles d\u2019ing\u00e9nieurs les plus engag\u00e9es pour l\u2019\u00e9cologie"},"content":{"rendered":"<p><a href=\"https:\/\/www.lasemaine.fr\/enseignement-formation\/enseignement-superieur-mines-nancy-renforce-son-equipe-de-direction\/\" data-type=\"post\" data-id=\"407925\" target=\"_blank\" rel=\"noopener\">Mines Nancy<\/a> figure sur le podium des \u00e9coles d\u2019ing\u00e9nieurs les plus engag\u00e9es en mati\u00e8re \u00e9cologique. Le classement \u00ab\u00a0ChangeNow\u00a0\u00bb, publi\u00e9\u00a0il y a quelques jours dans \u00ab\u2004Les \u00c9chos\u2004\u00bb met une nouvelle fois \u00e0 l\u2019honneur l\u2019\u00e9cole nanc\u00e9ienne. Cette reconnaissance r\u00e9compense l\u2019int\u00e9gration des principes \u00e9cologiques et sociaux dans son enseignement, sa recherche et sa gestion. Plus d\u2019un tiers de ses associations \u00e9tudiantes sont \u00e9galement consacr\u00e9es \u00e0 aux enjeux d\u2019inclusions et de lutte contre les violences sexuelles et sexistes. Elles auront l\u2019occasion de les mettre en \u0153uvre lors de l\u2019organisation du prochain \u00ab\u00a0Cartel des Mines 2026\u00a0\u00bb, une des plus grandes comp\u00e9titions sportives inter-\u00e9coles d\u2019ing\u00e9nieurs de France, qui se d\u00e9roulera \u00e0 <a href=\"https:\/\/www.lasemaine.fr\/lieu\/nancy\/\" data-slug=\"nancy\" data-name=\"Nancy\" data-type=\"location\" data-id=\"5697\" target=\"_blank\" rel=\"noopener\">Nancy<\/a>.<\/p>\n","protected":false},"excerpt":{"rendered":"Mines Nancy figure sur le podium des \u00e9coles d\u2019ing\u00e9nieurs les plus engag\u00e9es en mati\u00e8re \u00e9cologique. Le classement \u00ab\u00a0ChangeNow\u00a0\u00bb,&hellip;\n","protected":false},"author":2,"featured_media":606968,"comment_status":"","ping_status":"","sticky":false,"template":"","format":"standard","meta":{"footnotes":""},"categories":[9635],"tags":[1111,11,1777,674,1011,27,775,1702,12,25],"class_list":{"0":"post-606967","1":"post","2":"type-post","3":"status-publish","4":"format-standard","5":"has-post-thumbnail","7":"category-nancy","8":"tag-actu","9":"tag-actualites","10":"tag-eu","11":"tag-europe","12":"tag-fr","13":"tag-france","14":"tag-grand-est","15":"tag-nancy","16":"tag-news","17":"tag-republique-francaise"},"share_on_mastodon":{"url":"https:\/\/pubeurope.com\/@fr\/115739355009423713","error":""},"_links":{"self":[{"href":"https:\/\/www.europesays.com\/fr\/wp-json\/wp\/v2\/posts\/606967","targetHints":{"allow":["GET"]}}],"collection":[{"href":"https:\/\/www.europesays.com\/fr\/wp-json\/wp\/v2\/posts"}],"about":[{"href":"https:\/\/www.europesays.com\/fr\/wp-json\/wp\/v2\/types\/post"}],"author":[{"embeddable":true,"href":"https:\/\/www.europesays.com\/fr\/wp-json\/wp\/v2\/users\/2"}],"replies":[{"embeddable":true,"href":"https:\/\/www.europesays.com\/fr\/wp-json\/wp\/v2\/comments?post=606967"}],"version-history":[{"count":0,"href":"https:\/\/www.europesays.com\/fr\/wp-json\/wp\/v2\/posts\/606967\/revisions"}],"wp:featuredmedia":[{"embeddable":true,"href":"https:\/\/www.europesays.com\/fr\/wp-json\/wp\/v2\/media\/606968"}],"wp:attachment":[{"href":"https:\/\/www.europesays.com\/fr\/wp-json\/wp\/v2\/media?parent=606967"}],"wp:term":[{"taxonomy":"category","embeddable":true,"href":"https:\/\/www.europesays.com\/fr\/wp-json\/wp\/v2\/categories?post=606967"},{"taxonomy":"post_tag","embeddable":true,"href":"https:\/\/www.europesays.com\/fr\/wp-json\/wp\/v2\/tags?post=606967"}],"curies":[{"name":"wp","href":"https:\/\/api.w.org\/{rel}","templated":true}]}}