{"id":606979,"date":"2025-12-18T07:35:15","date_gmt":"2025-12-18T07:35:15","guid":{"rendered":"https:\/\/www.europesays.com\/fr\/606979\/"},"modified":"2025-12-18T07:35:15","modified_gmt":"2025-12-18T07:35:15","slug":"pour-noel-ce-joueur-de-basket-passe-par-rouen-se-mobilise-pour-offrir-des-cadeaux-a-des-enfants-defavorises","status":"publish","type":"post","link":"https:\/\/www.europesays.com\/fr\/606979\/","title":{"rendered":"Pour No\u00ebl, ce joueur de basket pass\u00e9 par Rouen se mobilise pour offrir des cadeaux \u00e0 des enfants d\u00e9favoris\u00e9s"},"content":{"rendered":"<p>                    Par<br \/>\n        <strong><br \/>\n            <a href=\"https:\/\/actu.fr\/auteur\/adrien-filoche\" title=\"Consulter tous les articles de Adrien Filoche\" target=\"_blank\" rel=\"noopener\">Adrien Filoche<\/a><br \/>\n                    <\/strong><\/p>\n<p>        Publi\u00e9 le<\/p>\n<p>            18 d\u00e9c. 2025 \u00e0 8h14        <\/p>\n<p><strong>\u00ab\u2009Je voulais aider des enfants qui n\u2019ont pas forc\u00e9ment eu la m\u00eame chance dans la vie.\u2009\u00bb<\/strong> Jason Ricketts Mahinmi, fr\u00e8re du joueur de NBA<a href=\"https:\/\/actu.fr\/normandie\/le-grand-quevilly_76322\/pres-de-rouen-le-basketteur-de-nba-ian-manhinmi-inaugure-son-restaurant-steak-n-shake_43252784.html\" target=\"_blank\" rel=\"noopener\"> Ian Mahinmi<\/a>, a lanc\u00e9 en 2024 une initiative solidaire afin d\u2019offrir des cadeaux pour <a href=\"https:\/\/actu.fr\/tag\/noel\" target=\"_blank\" rel=\"noopener\">No\u00ebl<\/a> \u00e0 des enfants de <a href=\"https:\/\/actu.fr\/normandie\/rouen_76540\" target=\"_blank\" rel=\"noopener\">Rouen <\/a><strong>issus de milieux d\u00e9favoris\u00e9s.<\/strong> En partenariat avec l\u2019association rouennaise Do For Love, il s\u2019est mobilis\u00e9 pour organiser une premi\u00e8re distribution en d\u00e9cembre 2024 au profit d\u2019une dizaine de jeunes gar\u00e7ons et filles. Pour cette ann\u00e9e 2025, il r\u00e9it\u00e8re l\u2019op\u00e9ration.<\/p>\n<p>Distribuer des cadeaux \u00e0 des enfants d\u00e9favoris\u00e9s<\/p>\n<p class=\" wall-content\">Pass\u00e9 par le SPO Rouen Basket Association entre 2006 et 2014 (aujourd\u2019hui devenu le <a href=\"https:\/\/actu.fr\/tag\/rmb-rouen-metropole-basket\" target=\"_blank\" rel=\"noopener\">Rouen M\u00e9tropole Basket<\/a>), Jason Ricketts Mahinmi a \u00e9tudi\u00e9 plusieurs ann\u00e9es aux \u00c9tats-Unis avant de lancer sa carri\u00e8re de basketteur professionnelle en Europe \u00e0 partir de 2020.<\/p>\n<p class=\" wall-content\">Apr\u00e8s des saisons au sein d\u2019\u00e9quipes de premi\u00e8res ou secondes divisons en Suisse, Gr\u00e8ce, Slovaquie puis en Autriche, il revient en France \u00e0 la suite d\u2019une blessure au genou. \u00ab\u2009J\u2019ai eu deux derni\u00e8res saisons difficiles avec la perte de proches. J\u2019avais besoin de me recentrer\u2009\u00bb, confie-t-il.<\/p>\n<blockquote class=\"ac-article-quote wall-content\">\n<p>En cette p\u00e9riode de f\u00eates, tout le monde ne peut pas vivre la magie de No\u00ebl comme il se doit, surtout les familles qui peinent \u00e0 r\u00e9pondre aux besoins de leurs enfants. En tant que basketteur professionnel, il me semble juste de redonner \u00e0 cette communaut\u00e9 qui m\u2019a tant apport\u00e9.<\/p>\n<p>    <strong>Jason Ricketts Mahinmi<\/strong>\n            <\/p><\/blockquote>\n<p class=\" wall-content\">\u00ab\u2009J\u2019avais eu l\u2019id\u00e9e en 2020 de sponsoriser des familles pour leur offrir des cadeaux. Puis, l\u2019id\u00e9e m\u2019est revenue en 2024 lorsque j\u2019\u00e9tais en Autriche. Je sais que la situation est difficile pour beaucoup. De mon c\u00f4t\u00e9, j\u2019ai une bonne situation, je fais ce que j\u2019aime. Alors, je voulais aider. Rendre ce que l\u2019on m\u2019a donn\u00e9\u2009\u00bb, d\u00e9taille le basketteur, qui s\u2019est rapproch\u00e9 de <a href=\"https:\/\/www.instagram.com\/associationdoforlove\/\" target=\"_blank\" rel=\"noopener\">l\u2019association rouennaise Do For Love<\/a> pour mener \u00e0 bien son op\u00e9ration.<\/p>\n<p class=\" wall-content\">Dans cette <strong>qu\u00eate de solidarit\u00e9,<\/strong> il indique par ailleurs qu\u2019il a \u00e9t\u00e9 beaucoup inspir\u00e9 par son p\u00e8re, d\u00e9c\u00e9d\u00e9 en 2024\u2009: \u00ab\u2009C\u2019est pour moi aussi l\u2019occasion de lui rendre hommage. Au cours de sa vie, il a aid\u00e9 beaucoup de personnes \u00e0 Rouen\u2009\u00bb.<\/p>\n<p>D\u2019autres initiatives solidaires pour les enfants d\u00e9favoris\u00e9s<\/p>\n<p class=\" wall-content\">Afin de r\u00e9colter des fonds pour offrir des cadeaux \u00e0 des enfants, Jason Ricketts Mahinmi a lanc\u00e9 <a href=\"https:\/\/www.paypal.com\/paypalme\/juste1sourire\" target=\"_blank\" rel=\"noopener\">une cagnotte<\/a>, \u00e0 laquelle il participe directement. Cette ann\u00e9e, 15\u00a0enfants (13 filles et deux gar\u00e7ons) seront parrain\u00e9s et accompagn\u00e9s.<\/p>\n<p>Votre r\u00e9gion, votre actu !<\/p>\n<p>Recevez chaque jour les infos qui comptent pour vous.<\/p>\n<p>\t<a href=\"https:\/\/actu.fr\/newsletter\" class=\"ac-btn ac-btn--corner ac-btn--medium ac-btn--blue800\" target=\"_blank\" rel=\"noopener\">S&rsquo;incrire<\/a><\/p>\n<p class=\" wall-content\"><a href=\"https:\/\/www.instagram.com\/p\/DRu6u4WjHH_\/embed\" title=\"Ouvrir le lien sur Instagram\" target=\"_blank\" rel=\"noopener\">Visualiser le contenu sur Instagram<\/a><\/p>\n<p class=\" wall-content\">La distribution de cadeaux aura lieu le samedi 20\u00a0d\u00e9cembre 2025 au sein de l\u2019enseigne <a href=\"https:\/\/actu.fr\/normandie\/rouen_76540\/nouveau-a-rouen-un-restaurant-bresilien-de-viandes-a-volonte-arrive_58553628.html\" target=\"_blank\" rel=\"noopener\">Rodizio Brazil<\/a>, sur les quais de Rouen. \u00ab\u2009Donner le sourire \u00e0 des enfants, c\u2019est quelque chose de sacr\u00e9 pour moi. S\u2019ils ont besoin, ils savent qu\u2019ils peuvent m\u2019appeler. Ils peuvent savoir qu\u2019ils ont un grand fr\u00e8re\u2009\u00bb, assure-t-il.<\/p>\n<p class=\" wall-content\">En plus de la distribution de cadeaux \u00e0 No\u00ebl qu\u2019il souhaite organiser chaque ann\u00e9e, Jason Ricketts Mahinmi souhaite aussi promouvoir d\u2019autres initiatives\u2009: proposer<strong> des vacances l\u2019\u00e9t\u00e9<\/strong> \u00e0 des enfants qui n\u2019ont pas les moyens de partir ou encore organiser des <strong>distributions de fournitures scolaires avant la rentr\u00e9e.<\/strong><\/p>\n<p class=\" wall-content\">\u00ab\u2009Il faut que l\u2019on soit soud\u00e9, que l\u2019on se serre les coudes. Peu importe la couleur de peau, la religion, on est tous ensemble\u2009\u00bb, conclut le basketteur en souriant.<\/p>\n<p>Suivez l\u2019actualit\u00e9 de Rouen sur <a href=\"https:\/\/www.whatsapp.com\/channel\/0029VaKfnf99hXF2ddApFB1D\" target=\"_blank\" rel=\"noopener\">notre cha\u00eene WhatsApp<\/a> et sur <a href=\"https:\/\/www.tiktok.com\/@76actu.fr?lang=fr\" target=\"_blank\" rel=\"noopener\">notre compte TikTok<\/a><\/p>\n<p class=\" wall-content\">Personnalisez votre actualit\u00e9 en ajoutant vos villes et m\u00e9dias en favori avec <a href=\"https:\/\/moncompte.actu.fr\" title=\"D\u00e9couvez Mon Actu\" rel=\"nofollow noopener\" data-trk=\"{&quot;cta&quot;:{&quot;action&quot;:&quot;https:\\\/\\\/moncompte.actu.fr&quot;,&quot;category&quot;:&quot;mon compte&quot;,&quot;from&quot;:&quot;article footer&quot;,&quot;name&quot;:&quot;Mon actu&quot;,&quot;type&quot;:&quot;cta&quot;}}\" target=\"_blank\">Mon Actu<\/a>.<\/p>\n<p>                    <script async src=\"\/\/www.instagram.com\/embed.js\"><\/script><script async src=\"\/\/www.tiktok.com\/embed.js\"><\/script><\/p>\n","protected":false},"excerpt":{"rendered":"Par Adrien Filoche Publi\u00e9 le 18 d\u00e9c. 2025 \u00e0 8h14 \u00ab\u2009Je voulais aider des enfants qui n\u2019ont pas&hellip;\n","protected":false},"author":2,"featured_media":606980,"comment_status":"","ping_status":"","sticky":false,"template":"","format":"standard","meta":{"footnotes":""},"categories":[9587],"tags":[1111,11,1777,674,1011,27,12,15830,5161,25,9590,104,3400],"class_list":{"0":"post-606979","1":"post","2":"type-post","3":"status-publish","4":"format-standard","5":"has-post-thumbnail","7":"category-rouen","8":"tag-actu","9":"tag-actualites","10":"tag-eu","11":"tag-europe","12":"tag-fr","13":"tag-france","14":"tag-news","15":"tag-noel","16":"tag-normandie","17":"tag-republique-francaise","18":"tag-rouen","19":"tag-societe","20":"tag-solidarite"},"share_on_mastodon":{"url":"https:\/\/pubeurope.com\/@fr\/115739421791088238","error":""},"_links":{"self":[{"href":"https:\/\/www.europesays.com\/fr\/wp-json\/wp\/v2\/posts\/606979","targetHints":{"allow":["GET"]}}],"collection":[{"href":"https:\/\/www.europesays.com\/fr\/wp-json\/wp\/v2\/posts"}],"about":[{"href":"https:\/\/www.europesays.com\/fr\/wp-json\/wp\/v2\/types\/post"}],"author":[{"embeddable":true,"href":"https:\/\/www.europesays.com\/fr\/wp-json\/wp\/v2\/users\/2"}],"replies":[{"embeddable":true,"href":"https:\/\/www.europesays.com\/fr\/wp-json\/wp\/v2\/comments?post=606979"}],"version-history":[{"count":0,"href":"https:\/\/www.europesays.com\/fr\/wp-json\/wp\/v2\/posts\/606979\/revisions"}],"wp:featuredmedia":[{"embeddable":true,"href":"https:\/\/www.europesays.com\/fr\/wp-json\/wp\/v2\/media\/606980"}],"wp:attachment":[{"href":"https:\/\/www.europesays.com\/fr\/wp-json\/wp\/v2\/media?parent=606979"}],"wp:term":[{"taxonomy":"category","embeddable":true,"href":"https:\/\/www.europesays.com\/fr\/wp-json\/wp\/v2\/categories?post=606979"},{"taxonomy":"post_tag","embeddable":true,"href":"https:\/\/www.europesays.com\/fr\/wp-json\/wp\/v2\/tags?post=606979"}],"curies":[{"name":"wp","href":"https:\/\/api.w.org\/{rel}","templated":true}]}}