{"id":606981,"date":"2025-12-18T07:38:32","date_gmt":"2025-12-18T07:38:32","guid":{"rendered":"https:\/\/www.europesays.com\/fr\/606981\/"},"modified":"2025-12-18T07:38:32","modified_gmt":"2025-12-18T07:38:32","slug":"mobilisation-agricole-des-centaines-dagriculteurs-de-la-seine-maritime-et-de-leure-a-rouen-et-bruxelles-ce-jeudi","status":"publish","type":"post","link":"https:\/\/www.europesays.com\/fr\/606981\/","title":{"rendered":"Mobilisation agricole\u00a0: des centaines d&rsquo;agriculteurs de la Seine-Maritime et de l&rsquo;Eure \u00e0 Rouen et Bruxelles ce jeudi"},"content":{"rendered":"<p>La FNSEA et la Coordination Rurale appellent les agriculteurs \u00e0 se mobiliser ce jeudi, notamment contre le projet d&rsquo;accord entre l&rsquo;Union europ\u00e9enne et les pays du Mercosur. Mais la Coordination rurale s&rsquo;oppose \u00e9galement aux mesures mises en place en France pour lutter contre la dermatose nodulaire.<\/p>\n<p>C&rsquo;est une <strong>journ\u00e9e de mobilisation<\/strong> pour les agriculteurs de la Seine-Maritime et de l&rsquo;Eure. Le syndicat FNSEA et les Jeunes Agriculteurs de nos deux d\u00e9partements organisent ce jeudi une manifestation \u00e0 Bruxelles en Belgique, si\u00e8ge de la Commission europ\u00e9enne. La Coordination rurale de la Seine-Maritime, de son c\u00f4t\u00e9, organise plusieurs actions \u00e0 Rouen.<\/p>\n<p>Il y a trois motifs de col\u00e8re communs pour la FNSEA et la Coordination rurale, les syndicats protestent contre\u00a0:<\/p>\n<ul>\n<li>Le projet d&rsquo;accord de libre-\u00e9change entre l&rsquo;Union europ\u00e9enne et les pays du Mercosur, en Am\u00e9rique du sud, notamment pour importer de la viande et du sucre<\/li>\n<li>Une nouvelle taxe europ\u00e9enne qui doit entrer en vigueur le 1\u1d49\u02b3\u00a0janvier sur les engrais azot\u00e9s<\/li>\n<li>Les baisses annonc\u00e9es du budget europ\u00e9en de la prochaine Politique Agricole Commune, PAC (2028-34), qui pourrait \u00eatre r\u00e9duit de 20%<\/li>\n<\/ul>\n<p><strong>Un point divise<\/strong> cependant les deux syndicats\u00a0: la gestion en France de\u00a0<a class=\"IciLink ici-link IciArticleLink g-ici-body-regular-1 underline brand svelte-1chfe2s\" href=\"https:\/\/www.francebleu.fr\/theme\/dermatose\" target=\"_blank\" rel=\"noopener\">l&rsquo;\u00e9pid\u00e9mie de dermatose nodulaire contagieuse (DNC)<\/a>\u00a0et l&rsquo;abattage de troupeaux entiers de bovins dans le sud de la France, quand un cas est d\u00e9tect\u00e9. La FNSEA en Seine-Maritime et dans l&rsquo;Eure soutient le protocole mis en place, pas la Coordination rurale qui milite pour une vaccination plus importante des bovins.<\/p>\n<p>Quatre bus direction Bruxelles<\/p>\n<p>Quatre bus sont partis de l&rsquo;Eure et de la Seine-Maritime ce jeudi matin, vers 4h30 \/ 5h du matin, direction Bruxelles avec pr\u00e8s de <strong>200 agriculteurs eurois et seinomarins<\/strong> selon la FNSEA. Ils doivent arriver sur place vers 9h. Des repr\u00e9sentants syndicaux doivent \u00eatre re\u00e7us par des d\u00e9put\u00e9s europ\u00e9ens. Les agriculteurs fran\u00e7ais ne sont pas les seuls mobilis\u00e9s, des exploitants de Belgique, des Pays-Bas, d&rsquo;Allemagne et d&rsquo;Irlande font aussi le d\u00e9placement.<\/p>\n<p>Des tracteurs dans le centre-ville de Rouen<\/p>\n<p>La Coordination rurale, elle, donne rendez-vous aux agriculteurs \u00e0 13h au rond-point du Moulin d&rsquo;\u00c9calles au nord de Rouen. Ils vont emprunter l&rsquo;A28 pour se rendre devant la Direction D\u00e9partementale des Territoires et de la Mer, quartier Saint-Sever \u00e0 Rouen \u00e0 14h30. Ils se rendront ensuite vers 17h \u00e0 la pr\u00e9fecture de la Seine-Maritime o\u00f9 une d\u00e9l\u00e9gation doit \u00eatre re\u00e7ue par le pr\u00e9fet, pour demander une vaccination contre la DNC pour les \u00e9leveurs qui le souhaitent partout en France, et notamment en Normandie. La Coordination rurale esp\u00e8re <strong>40 \u00e0 50 tracteurs<\/strong>, soit une centaine d&rsquo;agriculteurs mobilis\u00e9s ce jeudi.<\/p>\n","protected":false},"excerpt":{"rendered":"La FNSEA et la Coordination Rurale appellent les agriculteurs \u00e0 se mobiliser ce jeudi, notamment contre le projet&hellip;\n","protected":false},"author":2,"featured_media":606982,"comment_status":"","ping_status":"","sticky":false,"template":"","format":"standard","meta":{"footnotes":""},"categories":[9587],"tags":[1111,11,1777,674,1011,27,12,5161,25,9590],"class_list":{"0":"post-606981","1":"post","2":"type-post","3":"status-publish","4":"format-standard","5":"has-post-thumbnail","7":"category-rouen","8":"tag-actu","9":"tag-actualites","10":"tag-eu","11":"tag-europe","12":"tag-fr","13":"tag-france","14":"tag-news","15":"tag-normandie","16":"tag-republique-francaise","17":"tag-rouen"},"share_on_mastodon":{"url":"https:\/\/pubeurope.com\/@fr\/115739433573836892","error":""},"_links":{"self":[{"href":"https:\/\/www.europesays.com\/fr\/wp-json\/wp\/v2\/posts\/606981","targetHints":{"allow":["GET"]}}],"collection":[{"href":"https:\/\/www.europesays.com\/fr\/wp-json\/wp\/v2\/posts"}],"about":[{"href":"https:\/\/www.europesays.com\/fr\/wp-json\/wp\/v2\/types\/post"}],"author":[{"embeddable":true,"href":"https:\/\/www.europesays.com\/fr\/wp-json\/wp\/v2\/users\/2"}],"replies":[{"embeddable":true,"href":"https:\/\/www.europesays.com\/fr\/wp-json\/wp\/v2\/comments?post=606981"}],"version-history":[{"count":0,"href":"https:\/\/www.europesays.com\/fr\/wp-json\/wp\/v2\/posts\/606981\/revisions"}],"wp:featuredmedia":[{"embeddable":true,"href":"https:\/\/www.europesays.com\/fr\/wp-json\/wp\/v2\/media\/606982"}],"wp:attachment":[{"href":"https:\/\/www.europesays.com\/fr\/wp-json\/wp\/v2\/media?parent=606981"}],"wp:term":[{"taxonomy":"category","embeddable":true,"href":"https:\/\/www.europesays.com\/fr\/wp-json\/wp\/v2\/categories?post=606981"},{"taxonomy":"post_tag","embeddable":true,"href":"https:\/\/www.europesays.com\/fr\/wp-json\/wp\/v2\/tags?post=606981"}],"curies":[{"name":"wp","href":"https:\/\/api.w.org\/{rel}","templated":true}]}}