{"id":606990,"date":"2025-12-18T08:03:19","date_gmt":"2025-12-18T08:03:19","guid":{"rendered":"https:\/\/www.europesays.com\/fr\/606990\/"},"modified":"2025-12-18T08:03:19","modified_gmt":"2025-12-18T08:03:19","slug":"strasbourg-breidablik-en-direct-a-quelle-heure-et-sur-quelle-chaine-voir-le-match","status":"publish","type":"post","link":"https:\/\/www.europesays.com\/fr\/606990\/","title":{"rendered":"Strasbourg &#8211; Breidablik en direct : \u00e0 quelle heure et sur quelle cha\u00eene voir le match ?"},"content":{"rendered":"<p class=\"\">\u00c0 l\u2019heure actuelle, Strasbourg est en t\u00eate du classement de l\u2019UEFA Europa Conference League. Pour le moment, les Strasbourgeois sont invaincus avec quatre victoires et un nul \u00e0 leur actif. Ces r\u00e9sultats permettent au club fran\u00e7ais d\u2019afficher treize points au compteur. Strasbourg est donc certain de participer \u00e0 la phase \u00e0 \u00e9limination directe car l\u2019\u00e9quipe men\u00e9e par Emmanuel Emegha accumule quatre points de plus que Crystal Palace, neuvi\u00e8me du tableau. En championnat, Strasbourg a conc\u00e9d\u00e9 un nul \u00e0 Lorient (0-0) et se maintient aux portes des places europ\u00e9ennes. De son c\u00f4t\u00e9, Breidablik occupe la vingt-septi\u00e8me place, avec cinq points. Apr\u00e8s avoir encha\u00een\u00e9 deux d\u00e9faites (Lausanne-Sport et Shakhtar) et deux nuls (KuPS Kuopio et Samsunspor), les Islandais ont renvers\u00e9 les Shamrock Rovers sur un score de trois buts \u00e0 un. Ce dernier d\u00e9placement conna\u00eet de forts enjeux, car Breidablik est en position d\u2019\u00e9limination. Les joueurs d\u2019Olafur Ingi Skulason doivent imp\u00e9rativement s\u2019imposer pour pr\u00e9tendre \u00e0 une place de barragiste. Dans ces lignes on vous dit \u00e0 quelle heure et sur quelle cha\u00eene <a href=\"https:\/\/ad.doubleclick.net\/ddm\/trackclk\/N6600.145219.LEPARISIEN.FR\/B32944843.412602239;dc_trk_aid=604786699;dc_trk_cid=228480032;dc_lat=;dc_rdid=;tag_for_child_directed_treatment=;tfua=;gdpr=${GDPR};gdpr_consent=${GDPR_CONSENT_755};ltd=;dc_tdv=1\" target=\"_blank\" rel=\"sponsored noopener\">regarder le match Strasbourg \u2013 Breidablik en direct ce jeudi soir<\/a>.<\/p>\n<p>Diffusion Strasbourg \u2013 Breidablik en direct : sur quelle cha\u00eene regarder le match ?<\/p>\n<p class=\"\"><b>Le match qui oppose Strasbourg et Breidablik est diffus\u00e9 ce jeudi 18 d\u00e9cembre <\/b><a href=\"https:\/\/ad.doubleclick.net\/ddm\/trackclk\/N6600.145219.LEPARISIEN.FR\/B32944843.412602239;dc_trk_aid=604786699;dc_trk_cid=228480032;dc_lat=;dc_rdid=;tag_for_child_directed_treatment=;tfua=;gdpr=${GDPR};gdpr_consent=${GDPR_CONSENT_755};ltd=;dc_tdv=1\" target=\"_blank\" rel=\"sponsored noopener\"><b>en direct sur la cha\u00eene CANAL+FOOT<\/b><\/a><b>. La rencontre est pr\u00e9vue \u00e0 21h au stade de la Meinau.<\/b> L\u2019arbitre Ondrej Berka a \u00e9t\u00e9 d\u00e9sign\u00e9 pour diriger le face-\u00e0-face. Il sera assist\u00e9 d\u2019Ivo Nadvornik et de Matej Vlcek. Les arbitres Tomas Kocourek et Jana Adamkova seront, quant \u00e0 eux, \u00e0 la VAR.<\/p>\n<p class=\"\"><b>Cliquez ici pour <\/b><a href=\"https:\/\/ad.doubleclick.net\/ddm\/trackclk\/N6600.145219.LEPARISIEN.FR\/B32944843.412602239;dc_trk_aid=604786699;dc_trk_cid=228480032;dc_lat=;dc_rdid=;tag_for_child_directed_treatment=;tfua=;gdpr=${GDPR};gdpr_consent=${GDPR_CONSENT_755};ltd=;dc_tdv=1\" target=\"_blank\" rel=\"sponsored noopener\"><b>regarder le match en direct<\/b><\/a><\/p>\n","protected":false},"excerpt":{"rendered":"\u00c0 l\u2019heure actuelle, Strasbourg est en t\u00eate du classement de l\u2019UEFA Europa Conference League. Pour le moment, les&hellip;\n","protected":false},"author":2,"featured_media":606991,"comment_status":"","ping_status":"","sticky":false,"template":"","format":"standard","meta":{"footnotes":""},"categories":[2820],"tags":[1111,11,1777,674,63,1011,27,775,749,12,25,640,128,6718],"class_list":{"0":"post-606990","1":"post","2":"type-post","3":"status-publish","4":"format-standard","5":"has-post-thumbnail","7":"category-strasbourg","8":"tag-actu","9":"tag-actualites","10":"tag-eu","11":"tag-europe","12":"tag-football","13":"tag-fr","14":"tag-france","15":"tag-grand-est","16":"tag-guide-shopping","17":"tag-news","18":"tag-republique-francaise","19":"tag-strasbourg","20":"tag-streaming","21":"tag-tv-streaming"},"share_on_mastodon":{"url":"https:\/\/pubeurope.com\/@fr\/115739532003600791","error":""},"_links":{"self":[{"href":"https:\/\/www.europesays.com\/fr\/wp-json\/wp\/v2\/posts\/606990","targetHints":{"allow":["GET"]}}],"collection":[{"href":"https:\/\/www.europesays.com\/fr\/wp-json\/wp\/v2\/posts"}],"about":[{"href":"https:\/\/www.europesays.com\/fr\/wp-json\/wp\/v2\/types\/post"}],"author":[{"embeddable":true,"href":"https:\/\/www.europesays.com\/fr\/wp-json\/wp\/v2\/users\/2"}],"replies":[{"embeddable":true,"href":"https:\/\/www.europesays.com\/fr\/wp-json\/wp\/v2\/comments?post=606990"}],"version-history":[{"count":0,"href":"https:\/\/www.europesays.com\/fr\/wp-json\/wp\/v2\/posts\/606990\/revisions"}],"wp:featuredmedia":[{"embeddable":true,"href":"https:\/\/www.europesays.com\/fr\/wp-json\/wp\/v2\/media\/606991"}],"wp:attachment":[{"href":"https:\/\/www.europesays.com\/fr\/wp-json\/wp\/v2\/media?parent=606990"}],"wp:term":[{"taxonomy":"category","embeddable":true,"href":"https:\/\/www.europesays.com\/fr\/wp-json\/wp\/v2\/categories?post=606990"},{"taxonomy":"post_tag","embeddable":true,"href":"https:\/\/www.europesays.com\/fr\/wp-json\/wp\/v2\/tags?post=606990"}],"curies":[{"name":"wp","href":"https:\/\/api.w.org\/{rel}","templated":true}]}}